{"id":1091,"date":"2024-10-11T11:26:50","date_gmt":"2024-10-11T09:26:50","guid":{"rendered":"https:\/\/ayrilys.com\/?p=1091"},"modified":"2024-10-11T11:29:43","modified_gmt":"2024-10-11T09:29:43","slug":"cybersecurite-dynamique-la-bande-des-4-anime-un-marche-ou-les-petits-ont-bien-grandi","status":"publish","type":"post","link":"https:\/\/ayrilys.com\/index.php\/cybersecurite-dynamique-la-bande-des-4-anime-un-marche-ou-les-petits-ont-bien-grandi\/","title":{"rendered":"Cybers\u00e9curit\u00e9 dynamique : La bande des 4 anime un march\u00e9 o\u00f9 les petits ont bien grandi"},"content":{"rendered":"\n<p class=\"has-medium-font-size\"><strong>R\u00e9sum\u00e9 de l&rsquo;article : Cybers\u00e9curit\u00e9 dynamique : La bande des 4 anime un march\u00e9 o\u00f9 les petits ont bien grandi<\/strong><\/p>\n\n\n\n<h3 class=\"wp-block-heading has-medium-font-size\" id=\"h-principaux-acteurs-et-croissance-du-marche\">Principaux acteurs et croissance du march\u00e9<\/h3>\n\n\n\n<p>Le march\u00e9 des services de s\u00e9curit\u00e9 en France a connu une croissance de +11,9 % entre 2022 et 2023. Quatre acteurs principaux dominent ce march\u00e9 avec des revenus annuels sup\u00e9rieurs \u00e0 150 M\u20ac :<\/p>\n\n\n\n<ul class=\"wp-block-list\">\n<li><strong>Orange Cyberd\u00e9fense<\/strong>\u00a0: Leader avec 280 M\u20ac, op\u00e9rant en France et en Europe (UK, Benelux, Suisse).<\/li>\n\n\n\n<li><strong>Atos<\/strong>\u00a0: 258 M\u20ac, malgr\u00e9 des difficult\u00e9s structurelles.<\/li>\n\n\n\n<li><strong>Thales Services<\/strong>\u00a0: 175 M\u20ac, avec une forte pr\u00e9sence dans les secteurs priv\u00e9 et public.<\/li>\n\n\n\n<li><strong>Capgemini<\/strong>\u00a0: 155 M\u20ac, juste derri\u00e8re Thales.<\/li>\n<\/ul>\n\n\n\n<h3 class=\"wp-block-heading has-medium-font-size\" id=\"h-emergence-de-nouveaux-acteurs\">\u00c9mergence de nouveaux acteurs<\/h3>\n\n\n\n<p>Deux entreprises plus petites,&nbsp;<strong>I-Tracing<\/strong>&nbsp;et&nbsp;<strong>Wavestone<\/strong>, ont r\u00e9ussi \u00e0 se hisser dans le top 10 gr\u00e2ce \u00e0 une croissance organique et des acquisitions. Elles ne sont pas encore pr\u00e9sentes \u00e0 l\u2019international mais leur expansion est en cours.<\/p>\n\n\n\n<h3 class=\"wp-block-heading has-medium-font-size\" id=\"h-dynamique-du-marche-2024-2028\">Dynamique du march\u00e9 2024-2028<\/h3>\n\n\n\n<p>Le march\u00e9 de la cybers\u00e9curit\u00e9 reste dynamique avec une croissance annuelle de +9 % en France. La nouvelle r\u00e9glementation NIS2, \u00e0 partir de 2025, imposera des standards \u00e9lev\u00e9s de protection digitale \u00e0 plus de 15 000 entreprises.<\/p>\n\n\n\n<h3 class=\"wp-block-heading has-medium-font-size\" id=\"h-impact-des-jo-de-paris-2024\">Impact des JO de Paris 2024<\/h3>\n\n\n\n<p>Les JO de Paris 2024 ont n\u00e9cessit\u00e9 plus de 3 ans de pr\u00e9paration et un investissement de 110 M\u20ac pour la supervision 24\/7. Cet \u00e9v\u00e9nement a soulign\u00e9 l\u2019importance de l\u2019anticipation et de la s\u00e9curit\u00e9.<\/p>\n\n\n\n<h3 class=\"wp-block-heading has-medium-font-size\" id=\"h-fin-de-la-sanctuarisation-des-budgets\">Fin de la sanctuarisation des budgets<\/h3>\n\n\n\n<p>Apr\u00e8s les JO, les entreprises imposent des contraintes budg\u00e9taires aux projets de cybers\u00e9curit\u00e9, avec des arbitrages n\u00e9cessaires pour respecter les nouvelles r\u00e9glementations (DORA, NIS2, CRA).<\/p>\n\n\n\n<h3 class=\"wp-block-heading has-medium-font-size\" id=\"h-conclusion\">Conclusion<\/h3>\n\n\n\n<p>L\u2019industrie fran\u00e7aise des services de cybers\u00e9curit\u00e9 se porte bien, avec une diversit\u00e9 d\u2019acteurs capables de r\u00e9pondre aux d\u00e9fis de la transformation digitale gr\u00e2ce \u00e0 leur expertise technologique et leur capacit\u00e9 \u00e0 recruter et fid\u00e9liser les talents.<\/p>\n\n\n\n<p>Quatre acteurs du march\u00e9 des services de s\u00e9curit\u00e9 se situent au-dessus des 150 M\u20ac de revenus annuels et animent un march\u00e9 global qui cro\u00eet de +11,9 % entre 2022 et 2023. Le top des fournisseurs de services est toujours domin\u00e9 par&nbsp;Orange Cyberd\u00e9fense, large leader en prise de revenus (280 M\u20ac). Disposant de bases historiques en France et de nouvelles bases en Europe (UK, Benelux et prochainement Suisse), la filiale Orange op\u00e8re sur tous les march\u00e9s avec ses \u00e9quipes locales. La croissance est plus faible (+8%) compar\u00e9 aux autres acteurs, mais les volumes sont importants, note <a href=\"https:\/\/sitsi.pacanalyst.com\/la-bande-des-4-anime-un-marche-de-la-cybersecurite-dynamique-ou-les-petits-ont-bien-grandi\/\">PAC<\/a> qui nous livre son analyse :<\/p>\n\n\n\n<p>Second et int\u00e9grant le club tr\u00e8s ferm\u00e9 des plus de 200 M de revenus,&nbsp;Atos&nbsp;(258 M), malgr\u00e9 des difficult\u00e9s de structure importantes et m\u00e9diatiques, arrive en seconde place. Les annonces de la fin de l\u2019ann\u00e9e 2024 indiqueront le mode de red\u00e9marrage de cette \u00e9quipe historique de la cybers\u00e9curit\u00e9.&nbsp;Thales Services&nbsp;(175 M\u20ac) arrive en 3\u00e8me sur sa forte assise priv\u00e9-public, talonn\u00e9 de tr\u00e8s pr\u00e8s par&nbsp;Capgemini&nbsp;(155 M\u20ac).<\/p>\n\n\n\n<p>Cette \u00ab&nbsp;bande des 4&nbsp;\u00bb joue une partition sur le th\u00e9\u00e2tre international de la cyber qui demande des investissements et des \u00e9quipes cons\u00e9quentes. Leurs \u00e9quipes int\u00e9gr\u00e9es d\u00e9passent parfois les 5 000 consultants sur plus de 10 SOC 24\/7 et 4 ou 5 plaques r\u00e9gionales (Europe, MEA, Am\u00e9riques et APAC)<\/p>\n\n\n\n<p>Dans le classement, on notera l\u2019\u00e9mergence dans le top 10 de deux acteurs plus petits, mais qui ont su se hisser en moins de 10 ans \u00e0 des niveaux de volume majeurs :&nbsp;I-Tracing&nbsp;et&nbsp;Wavestone&nbsp;poursuivent leur croissance organique et parfois par M&amp;A. Ils ne sont pas encore ancr\u00e9s hors des fronti\u00e8res, mais leur croissance logique les y emm\u00e8ne. On regardera avec int\u00e9r\u00eat leur fa\u00e7on de s\u2019entendre, soit par acquisition, soit par association.<\/p>\n\n\n\n<p><strong>2024-2028 un march\u00e9 de la Cyber qui reste dynamique, mais qui n\u2019\u00e9chappe plus aux arbitrages<\/strong><\/p>\n\n\n\n<p>Les besoins de gestion du risque et de protection digitale restent tr\u00e8s \u00e9lev\u00e9s dans un monde qui poursuit sa transformation digitale. Les entreprises (49% des entreprises adh\u00e9rentes au CESIN ont subi au moins un cyber-attaque en 2023) souffrent de plus en plus d\u2019attaques cyber visibles et atteignant leur capacit\u00e9 de production et leur r\u00e9putation. Qu\u2019il soit \u00e9tatique ou criminel, le p\u00e9ril \u00e9volue \u00e0 la vitesse de la technologie et profite largement des nouveaux outils d\u2019IA. La croissance du march\u00e9 reste au-dessus de +9 % par an en France, afin de compl\u00e9ter ou r\u00e9nover la prise en compte des risques du monde connect\u00e9. Une nouvelle r\u00e9glementation, NIS2, doit accompagner \u00e0 partir de 2025 plus de 15 000 entreprises vers un standard \u00e9lev\u00e9 de protection digitale, entrainant de nouvelles d\u00e9penses. Les ETI de 500 \u00e0 5 000 salari\u00e9s vont devoir adopter des solutions \u00e9labor\u00e9es.<\/p>\n\n\n\n<p>Aucune perturbation majeure n\u2019a \u00e9t\u00e9 perceptible sur le SI durant les JO de Paris 2024. La performance est notoire. Plus de 3 ann\u00e9es de pr\u00e9paration et d\u2018investissements ont \u00e9t\u00e9 n\u00e9cessaires sur toutes les strates de l\u2019organisation. PAC estime que la facture du volet op\u00e9rationnel (run) des JO est d\u2019environ 110 M\u20ac pour la seule supervision 24\/7 en 2024 par les experts des cyberservices du march\u00e9. La situation des JO a rappel\u00e9 \u00e0 tous les d\u00e9cideurs l\u2019importance de l\u2019anticipation et agit comme une forme de ROI sur les investissements consentis par le public et le priv\u00e9.&nbsp;&nbsp;<\/p>\n\n\n\n<p>La fin de la sanctuarisation des budgets s\u00e9curit\u00e9. Apr\u00e8s ces JO paisibles, le retour \u00e0 la r\u00e9alit\u00e9 va \u00eatre un peu moins euphorique. Face \u00e0 une avalanche r\u00e9glementaire (DORA, NIS2, CRA&#8230;) les entreprises commencent \u00e0 imposer aux budgets cyber les m\u00eames contraintes qu\u2019aux autres projets d\u2019investissement. M\u00eame si les conformit\u00e9s sont incontournables, la cyber n\u2019est plus sanctuaris\u00e9e et de nombreux arbitrages dans les contrats cadres sont demand\u00e9s par les directions g\u00e9n\u00e9rales. Mod\u00e9ration, pond\u00e9ration, arbitrages, les mots de l&rsquo;entreprise arrivent en cyber.<\/p>\n\n\n\n<p>L\u2019industrie fran\u00e7aise des services de cyber se porte bien. Entre les grandes ESN puissantes et concourants sur les march\u00e9s \u00e0 l\u2019international et \u00a0\u00bb les-petites-ayant-bien-grandi \u00ab\u00a0, agiles et rapides, la diversit\u00e9 de l\u2019offre r\u00e9pond pr\u00e9sent sur un march\u00e9 dynamique. \u00c9tant capables de g\u00e9rer le casse-t\u00eate du recrutement et de la fid\u00e9lisation des \u00e9quipes, ces acteurs \u00e0 forte expertise technologique et innovation repr\u00e9sentent une solide r\u00e9ponse aux d\u00e9fis de la transformation digitale.<\/p>\n","protected":false},"excerpt":{"rendered":"<p>R\u00e9sum\u00e9 de l&rsquo;article : Cybers\u00e9curit\u00e9 dynamique : La bande des 4 anime un march\u00e9 o\u00f9 les petits ont bien grandi Principaux acteurs et croissance du march\u00e9 Le march\u00e9 des services de s\u00e9curit\u00e9 en France a connu une croissance de +11,9 % entre 2022 et 2023. Quatre acteurs principaux dominent ce march\u00e9 avec des revenus annuels&#8230;<\/p>\n","protected":false},"author":1,"featured_media":1009,"comment_status":"open","ping_status":"open","sticky":false,"template":"","format":"standard","meta":{"_kadence_starter_templates_imported_post":false,"_kad_post_transparent":"","_kad_post_title":"hide","_kad_post_layout":"","_kad_post_sidebar_id":"","_kad_post_content_style":"","_kad_post_vertical_padding":"","_kad_post_feature":"","_kad_post_feature_position":"","_kad_post_header":false,"_kad_post_footer":false,"_kad_post_classname":"","footnotes":"","jetpack_publicize_message":"","jetpack_publicize_feature_enabled":true,"jetpack_social_post_already_shared":false,"jetpack_social_options":{"image_generator_settings":{"template":"highway","enabled":true,"token":"eyJpbWciOiJodHRwczpcL1wvYXlyaWx5cy5jb21cL3dwLWNvbnRlbnRcL3VwbG9hZHNcLzIwMjRcLzEwXC9GZXUtZGUtY2FtcC1wbGVpbmUtbW9udGFnbmUtcGV4ZWxzLXBob3RvLTYyMTI1NzYtMTAyNHg2ODMuanBlZyIsInR4dCI6IkN5YmVyc1x1MDBlOWN1cml0XHUwMGU5IGR5bmFtaXF1ZSA6IExhIGJhbmRlIGRlcyA0IGFuaW1lIHVuIG1hcmNoXHUwMGU5IG9cdTAwZjkgbGVzIHBldGl0cyBvbnQgYmllbiBncmFuZGkiLCJ0ZW1wbGF0ZSI6ImhpZ2h3YXkiLCJibG9nX2lkIjoyMzUzMzUwMjN9.e9ufWLMoVQzogReBzEtYkg6Y4O_yVchKSI6H0IsENukMQ"},"version":2}},"categories":[20,22],"tags":[],"class_list":["post-1091","post","type-post","status-publish","format-standard","has-post-thumbnail","hentry","category-accueil","category-securite-informatique"],"yoast_head":"<!-- This site is optimized with the Yoast SEO Premium plugin v25.8 (Yoast SEO v26.0) - https:\/\/yoast.com\/wordpress\/plugins\/seo\/ -->\r\n<title>Cybers\u00e9curit\u00e9 PME en France : Le march\u00e9 en croissance Prestataire informatique Viroflay en r\u00e9gion parisienne depuis 2003 pour les PME\/PMI S\u00e9curit\u00e9 informatique -<\/title>\r\n<meta name=\"description\" content=\"D\u00e9couvrez le march\u00e9 de la cybers\u00e9curit\u00e9 pour les PME en France. Quatre leaders et une croissance annuelle de 9 % font de ce secteur un enjeu crucial.\" \/>\r\n<meta name=\"robots\" content=\"index, follow, max-snippet:-1, max-image-preview:large, max-video-preview:-1\" \/>\r\n<link rel=\"canonical\" href=\"https:\/\/ayrilys.com\/index.php\/cybersecurite-dynamique-la-bande-des-4-anime-un-marche-ou-les-petits-ont-bien-grandi\/\" \/>\r\n<meta property=\"og:locale\" content=\"fr_FR\" \/>\r\n<meta property=\"og:type\" content=\"article\" \/>\r\n<meta property=\"og:title\" content=\"Cybers\u00e9curit\u00e9 dynamique : La bande des 4 anime un march\u00e9 o\u00f9 les petits ont bien grandi\" \/>\r\n<meta property=\"og:description\" content=\"Cybers\u00e9curit\u00e9 dynamique : La bande des 4 anime un march\u00e9 o\u00f9 les petits ont bien grandi Prestataire informatique Viroflay en r\u00e9gion parisienne depuis 2003 pour les PME\/PMI\" \/>\r\n<meta property=\"og:url\" content=\"https:\/\/ayrilys.com\/index.php\/cybersecurite-dynamique-la-bande-des-4-anime-un-marche-ou-les-petits-ont-bien-grandi\/\" \/>\r\n<meta property=\"og:site_name\" content=\"Prestataire informatique Viroflay en r\u00e9gion parisienne depuis 2003 pour les PME\/PMI\" \/>\r\n<meta property=\"article:publisher\" content=\"https:\/\/www.facebook.com\/profile.php?id=61563219240658\" \/>\r\n<meta property=\"article:published_time\" content=\"2024-10-11T09:26:50+00:00\" \/>\r\n<meta property=\"article:modified_time\" content=\"2024-10-11T09:29:43+00:00\" \/>\r\n<meta property=\"og:image\" content=\"https:\/\/ayrilys.com\/wp-content\/uploads\/2024\/10\/Feu-de-camp-pleine-montagne-pexels-photo-6212576.jpeg\" \/>\r\n\t<meta property=\"og:image:width\" content=\"1124\" \/>\r\n\t<meta property=\"og:image:height\" content=\"750\" \/>\r\n\t<meta property=\"og:image:type\" content=\"image\/jpeg\" \/>\r\n<meta name=\"author\" content=\"admin\" \/>\r\n<meta name=\"twitter:card\" content=\"summary_large_image\" \/>\r\n<meta name=\"twitter:creator\" content=\"@Ayrilys165097\" \/>\r\n<meta name=\"twitter:site\" content=\"@Ayrilys165097\" \/>\r\n<meta name=\"twitter:label1\" content=\"\u00c9crit par\" \/>\n\t<meta name=\"twitter:data1\" content=\"admin\" \/>\n\t<meta name=\"twitter:label2\" content=\"Dur\u00e9e de lecture estim\u00e9e\" \/>\n\t<meta name=\"twitter:data2\" content=\"6 minutes\" \/>\r\n<script type=\"application\/ld+json\" class=\"yoast-schema-graph\">{\"@context\":\"https:\/\/schema.org\",\"@graph\":[{\"@type\":\"Article\",\"@id\":\"https:\/\/ayrilys.com\/index.php\/cybersecurite-dynamique-la-bande-des-4-anime-un-marche-ou-les-petits-ont-bien-grandi\/#article\",\"isPartOf\":{\"@id\":\"https:\/\/ayrilys.com\/index.php\/cybersecurite-dynamique-la-bande-des-4-anime-un-marche-ou-les-petits-ont-bien-grandi\/\"},\"author\":{\"name\":\"admin\",\"@id\":\"https:\/\/ayrilys.com\/#\/schema\/person\/a0005f5083786553a31b7393beac4f94\"},\"headline\":\"Cybers\u00e9curit\u00e9 dynamique : La bande des 4 anime un march\u00e9 o\u00f9 les petits ont bien grandi\",\"datePublished\":\"2024-10-11T09:26:50+00:00\",\"dateModified\":\"2024-10-11T09:29:43+00:00\",\"mainEntityOfPage\":{\"@id\":\"https:\/\/ayrilys.com\/index.php\/cybersecurite-dynamique-la-bande-des-4-anime-un-marche-ou-les-petits-ont-bien-grandi\/\"},\"wordCount\":1066,\"commentCount\":0,\"publisher\":{\"@id\":\"https:\/\/ayrilys.com\/#organization\"},\"image\":{\"@id\":\"https:\/\/ayrilys.com\/index.php\/cybersecurite-dynamique-la-bande-des-4-anime-un-marche-ou-les-petits-ont-bien-grandi\/#primaryimage\"},\"thumbnailUrl\":\"https:\/\/ayrilys.com\/wp-content\/uploads\/2024\/10\/Feu-de-camp-pleine-montagne-pexels-photo-6212576.jpeg\",\"articleSection\":[\"Accueil\",\"S\u00e9curit\u00e9 informatique\"],\"inLanguage\":\"fr-FR\",\"potentialAction\":[{\"@type\":\"CommentAction\",\"name\":\"Comment\",\"target\":[\"https:\/\/ayrilys.com\/index.php\/cybersecurite-dynamique-la-bande-des-4-anime-un-marche-ou-les-petits-ont-bien-grandi\/#respond\"]}]},{\"@type\":\"WebPage\",\"@id\":\"https:\/\/ayrilys.com\/index.php\/cybersecurite-dynamique-la-bande-des-4-anime-un-marche-ou-les-petits-ont-bien-grandi\/\",\"url\":\"https:\/\/ayrilys.com\/index.php\/cybersecurite-dynamique-la-bande-des-4-anime-un-marche-ou-les-petits-ont-bien-grandi\/\",\"name\":\"Cybers\u00e9curit\u00e9 PME en France : Le march\u00e9 en croissance Prestataire informatique Viroflay en r\u00e9gion parisienne depuis 2003 pour les PME\/PMI S\u00e9curit\u00e9 informatique -\",\"isPartOf\":{\"@id\":\"https:\/\/ayrilys.com\/#website\"},\"primaryImageOfPage\":{\"@id\":\"https:\/\/ayrilys.com\/index.php\/cybersecurite-dynamique-la-bande-des-4-anime-un-marche-ou-les-petits-ont-bien-grandi\/#primaryimage\"},\"image\":{\"@id\":\"https:\/\/ayrilys.com\/index.php\/cybersecurite-dynamique-la-bande-des-4-anime-un-marche-ou-les-petits-ont-bien-grandi\/#primaryimage\"},\"thumbnailUrl\":\"https:\/\/ayrilys.com\/wp-content\/uploads\/2024\/10\/Feu-de-camp-pleine-montagne-pexels-photo-6212576.jpeg\",\"datePublished\":\"2024-10-11T09:26:50+00:00\",\"dateModified\":\"2024-10-11T09:29:43+00:00\",\"description\":\"D\u00e9couvrez le march\u00e9 de la cybers\u00e9curit\u00e9 pour les PME en France. Quatre leaders et une croissance annuelle de 9 % font de ce secteur un enjeu crucial.\",\"breadcrumb\":{\"@id\":\"https:\/\/ayrilys.com\/index.php\/cybersecurite-dynamique-la-bande-des-4-anime-un-marche-ou-les-petits-ont-bien-grandi\/#breadcrumb\"},\"inLanguage\":\"fr-FR\",\"potentialAction\":[{\"@type\":\"ReadAction\",\"target\":[\"https:\/\/ayrilys.com\/index.php\/cybersecurite-dynamique-la-bande-des-4-anime-un-marche-ou-les-petits-ont-bien-grandi\/\"]}]},{\"@type\":\"ImageObject\",\"inLanguage\":\"fr-FR\",\"@id\":\"https:\/\/ayrilys.com\/index.php\/cybersecurite-dynamique-la-bande-des-4-anime-un-marche-ou-les-petits-ont-bien-grandi\/#primaryimage\",\"url\":\"https:\/\/ayrilys.com\/wp-content\/uploads\/2024\/10\/Feu-de-camp-pleine-montagne-pexels-photo-6212576.jpeg\",\"contentUrl\":\"https:\/\/ayrilys.com\/wp-content\/uploads\/2024\/10\/Feu-de-camp-pleine-montagne-pexels-photo-6212576.jpeg\",\"width\":1124,\"height\":750},{\"@type\":\"BreadcrumbList\",\"@id\":\"https:\/\/ayrilys.com\/index.php\/cybersecurite-dynamique-la-bande-des-4-anime-un-marche-ou-les-petits-ont-bien-grandi\/#breadcrumb\",\"itemListElement\":[{\"@type\":\"ListItem\",\"position\":1,\"name\":\"Accueil\",\"item\":\"https:\/\/ayrilys.com\/\"},{\"@type\":\"ListItem\",\"position\":2,\"name\":\"Cybers\u00e9curit\u00e9 dynamique : La bande des 4 anime un march\u00e9 o\u00f9 les petits ont bien grandi\"}]},{\"@type\":\"WebSite\",\"@id\":\"https:\/\/ayrilys.com\/#website\",\"url\":\"https:\/\/ayrilys.com\/\",\"name\":\"Ayrilys prestataire informatique infog\u00e9rance PME TPE MSP depuis 2003 sur Viroflay\",\"description\":\"Prestataire informatique Viroflay en r\u00e9gion parisienne PME TPE  ile de France depuis plus de 20 ans\",\"publisher\":{\"@id\":\"https:\/\/ayrilys.com\/#organization\"},\"alternateName\":\"Ayriliys infog\u00e9rance fournisseur de services manag\u00e9s MSP PME TPE Viroflay\",\"potentialAction\":[{\"@type\":\"SearchAction\",\"target\":{\"@type\":\"EntryPoint\",\"urlTemplate\":\"https:\/\/ayrilys.com\/?s={search_term_string}\"},\"query-input\":{\"@type\":\"PropertyValueSpecification\",\"valueRequired\":true,\"valueName\":\"search_term_string\"}}],\"inLanguage\":\"fr-FR\"},{\"@type\":\"Organization\",\"@id\":\"https:\/\/ayrilys.com\/#organization\",\"name\":\"Ayrilys\",\"url\":\"https:\/\/ayrilys.com\/\",\"logo\":{\"@type\":\"ImageObject\",\"inLanguage\":\"fr-FR\",\"@id\":\"https:\/\/ayrilys.com\/#\/schema\/logo\/image\/\",\"url\":\"https:\/\/ayrilys.com\/wp-content\/uploads\/2024\/07\/Ayrilys-Logo-V1.png\",\"contentUrl\":\"https:\/\/ayrilys.com\/wp-content\/uploads\/2024\/07\/Ayrilys-Logo-V1.png\",\"width\":119,\"height\":64,\"caption\":\"Ayrilys\"},\"image\":{\"@id\":\"https:\/\/ayrilys.com\/#\/schema\/logo\/image\/\"},\"sameAs\":[\"https:\/\/www.facebook.com\/profile.php?id=61563219240658\",\"https:\/\/x.com\/Ayrilys165097\"],\"description\":\"Prestataire informatique depuis plus de 20 ans pour les PME et TPE\",\"email\":\"ayrilys@ayrilys.com\",\"telephone\":\"+33139242197\",\"legalName\":\"Ayrilys\",\"foundingDate\":\"2003-01-01\",\"vatID\":\"FR90449159011\",\"taxID\":\"44915901100013\",\"numberOfEmployees\":{\"@type\":\"QuantitativeValue\",\"minValue\":\"1\",\"maxValue\":\"10\"}},{\"@type\":\"Person\",\"@id\":\"https:\/\/ayrilys.com\/#\/schema\/person\/a0005f5083786553a31b7393beac4f94\",\"name\":\"admin\",\"image\":{\"@type\":\"ImageObject\",\"inLanguage\":\"fr-FR\",\"@id\":\"https:\/\/ayrilys.com\/#\/schema\/person\/image\/\",\"url\":\"https:\/\/secure.gravatar.com\/avatar\/673394efbb9f6f675f3aa2444209d504?s=96&d=mm&r=g\",\"contentUrl\":\"https:\/\/secure.gravatar.com\/avatar\/673394efbb9f6f675f3aa2444209d504?s=96&d=mm&r=g\",\"caption\":\"admin\"},\"sameAs\":[\"http:\/\/ayrilys.com\"],\"url\":\"https:\/\/ayrilys.com\/index.php\/author\/admin\/\"}]}<\/script>\r\n<!-- \/ Yoast SEO Premium plugin. -->","yoast_head_json":{"title":"Cybers\u00e9curit\u00e9 PME en France : Le march\u00e9 en croissance Prestataire informatique Viroflay en r\u00e9gion parisienne depuis 2003 pour les PME\/PMI S\u00e9curit\u00e9 informatique -","description":"D\u00e9couvrez le march\u00e9 de la cybers\u00e9curit\u00e9 pour les PME en France. Quatre leaders et une croissance annuelle de 9 % font de ce secteur un enjeu crucial.","robots":{"index":"index","follow":"follow","max-snippet":"max-snippet:-1","max-image-preview":"max-image-preview:large","max-video-preview":"max-video-preview:-1"},"canonical":"https:\/\/ayrilys.com\/index.php\/cybersecurite-dynamique-la-bande-des-4-anime-un-marche-ou-les-petits-ont-bien-grandi\/","og_locale":"fr_FR","og_type":"article","og_title":"Cybers\u00e9curit\u00e9 dynamique : La bande des 4 anime un march\u00e9 o\u00f9 les petits ont bien grandi","og_description":"Cybers\u00e9curit\u00e9 dynamique : La bande des 4 anime un march\u00e9 o\u00f9 les petits ont bien grandi Prestataire informatique Viroflay en r\u00e9gion parisienne depuis 2003 pour les PME\/PMI","og_url":"https:\/\/ayrilys.com\/index.php\/cybersecurite-dynamique-la-bande-des-4-anime-un-marche-ou-les-petits-ont-bien-grandi\/","og_site_name":"Prestataire informatique Viroflay en r\u00e9gion parisienne depuis 2003 pour les PME\/PMI","article_publisher":"https:\/\/www.facebook.com\/profile.php?id=61563219240658","article_published_time":"2024-10-11T09:26:50+00:00","article_modified_time":"2024-10-11T09:29:43+00:00","og_image":[{"width":1124,"height":750,"url":"https:\/\/ayrilys.com\/wp-content\/uploads\/2024\/10\/Feu-de-camp-pleine-montagne-pexels-photo-6212576.jpeg","type":"image\/jpeg"}],"author":"admin","twitter_card":"summary_large_image","twitter_creator":"@Ayrilys165097","twitter_site":"@Ayrilys165097","twitter_misc":{"\u00c9crit par":"admin","Dur\u00e9e de lecture estim\u00e9e":"6 minutes"},"schema":{"@context":"https:\/\/schema.org","@graph":[{"@type":"Article","@id":"https:\/\/ayrilys.com\/index.php\/cybersecurite-dynamique-la-bande-des-4-anime-un-marche-ou-les-petits-ont-bien-grandi\/#article","isPartOf":{"@id":"https:\/\/ayrilys.com\/index.php\/cybersecurite-dynamique-la-bande-des-4-anime-un-marche-ou-les-petits-ont-bien-grandi\/"},"author":{"name":"admin","@id":"https:\/\/ayrilys.com\/#\/schema\/person\/a0005f5083786553a31b7393beac4f94"},"headline":"Cybers\u00e9curit\u00e9 dynamique : La bande des 4 anime un march\u00e9 o\u00f9 les petits ont bien grandi","datePublished":"2024-10-11T09:26:50+00:00","dateModified":"2024-10-11T09:29:43+00:00","mainEntityOfPage":{"@id":"https:\/\/ayrilys.com\/index.php\/cybersecurite-dynamique-la-bande-des-4-anime-un-marche-ou-les-petits-ont-bien-grandi\/"},"wordCount":1066,"commentCount":0,"publisher":{"@id":"https:\/\/ayrilys.com\/#organization"},"image":{"@id":"https:\/\/ayrilys.com\/index.php\/cybersecurite-dynamique-la-bande-des-4-anime-un-marche-ou-les-petits-ont-bien-grandi\/#primaryimage"},"thumbnailUrl":"https:\/\/ayrilys.com\/wp-content\/uploads\/2024\/10\/Feu-de-camp-pleine-montagne-pexels-photo-6212576.jpeg","articleSection":["Accueil","S\u00e9curit\u00e9 informatique"],"inLanguage":"fr-FR","potentialAction":[{"@type":"CommentAction","name":"Comment","target":["https:\/\/ayrilys.com\/index.php\/cybersecurite-dynamique-la-bande-des-4-anime-un-marche-ou-les-petits-ont-bien-grandi\/#respond"]}]},{"@type":"WebPage","@id":"https:\/\/ayrilys.com\/index.php\/cybersecurite-dynamique-la-bande-des-4-anime-un-marche-ou-les-petits-ont-bien-grandi\/","url":"https:\/\/ayrilys.com\/index.php\/cybersecurite-dynamique-la-bande-des-4-anime-un-marche-ou-les-petits-ont-bien-grandi\/","name":"Cybers\u00e9curit\u00e9 PME en France : Le march\u00e9 en croissance Prestataire informatique Viroflay en r\u00e9gion parisienne depuis 2003 pour les PME\/PMI S\u00e9curit\u00e9 informatique -","isPartOf":{"@id":"https:\/\/ayrilys.com\/#website"},"primaryImageOfPage":{"@id":"https:\/\/ayrilys.com\/index.php\/cybersecurite-dynamique-la-bande-des-4-anime-un-marche-ou-les-petits-ont-bien-grandi\/#primaryimage"},"image":{"@id":"https:\/\/ayrilys.com\/index.php\/cybersecurite-dynamique-la-bande-des-4-anime-un-marche-ou-les-petits-ont-bien-grandi\/#primaryimage"},"thumbnailUrl":"https:\/\/ayrilys.com\/wp-content\/uploads\/2024\/10\/Feu-de-camp-pleine-montagne-pexels-photo-6212576.jpeg","datePublished":"2024-10-11T09:26:50+00:00","dateModified":"2024-10-11T09:29:43+00:00","description":"D\u00e9couvrez le march\u00e9 de la cybers\u00e9curit\u00e9 pour les PME en France. Quatre leaders et une croissance annuelle de 9 % font de ce secteur un enjeu crucial.","breadcrumb":{"@id":"https:\/\/ayrilys.com\/index.php\/cybersecurite-dynamique-la-bande-des-4-anime-un-marche-ou-les-petits-ont-bien-grandi\/#breadcrumb"},"inLanguage":"fr-FR","potentialAction":[{"@type":"ReadAction","target":["https:\/\/ayrilys.com\/index.php\/cybersecurite-dynamique-la-bande-des-4-anime-un-marche-ou-les-petits-ont-bien-grandi\/"]}]},{"@type":"ImageObject","inLanguage":"fr-FR","@id":"https:\/\/ayrilys.com\/index.php\/cybersecurite-dynamique-la-bande-des-4-anime-un-marche-ou-les-petits-ont-bien-grandi\/#primaryimage","url":"https:\/\/ayrilys.com\/wp-content\/uploads\/2024\/10\/Feu-de-camp-pleine-montagne-pexels-photo-6212576.jpeg","contentUrl":"https:\/\/ayrilys.com\/wp-content\/uploads\/2024\/10\/Feu-de-camp-pleine-montagne-pexels-photo-6212576.jpeg","width":1124,"height":750},{"@type":"BreadcrumbList","@id":"https:\/\/ayrilys.com\/index.php\/cybersecurite-dynamique-la-bande-des-4-anime-un-marche-ou-les-petits-ont-bien-grandi\/#breadcrumb","itemListElement":[{"@type":"ListItem","position":1,"name":"Accueil","item":"https:\/\/ayrilys.com\/"},{"@type":"ListItem","position":2,"name":"Cybers\u00e9curit\u00e9 dynamique : La bande des 4 anime un march\u00e9 o\u00f9 les petits ont bien grandi"}]},{"@type":"WebSite","@id":"https:\/\/ayrilys.com\/#website","url":"https:\/\/ayrilys.com\/","name":"Ayrilys prestataire informatique infog\u00e9rance PME TPE MSP depuis 2003 sur Viroflay","description":"Prestataire informatique Viroflay en r\u00e9gion parisienne PME TPE  ile de France depuis plus de 20 ans","publisher":{"@id":"https:\/\/ayrilys.com\/#organization"},"alternateName":"Ayriliys infog\u00e9rance fournisseur de services manag\u00e9s MSP PME TPE Viroflay","potentialAction":[{"@type":"SearchAction","target":{"@type":"EntryPoint","urlTemplate":"https:\/\/ayrilys.com\/?s={search_term_string}"},"query-input":{"@type":"PropertyValueSpecification","valueRequired":true,"valueName":"search_term_string"}}],"inLanguage":"fr-FR"},{"@type":"Organization","@id":"https:\/\/ayrilys.com\/#organization","name":"Ayrilys","url":"https:\/\/ayrilys.com\/","logo":{"@type":"ImageObject","inLanguage":"fr-FR","@id":"https:\/\/ayrilys.com\/#\/schema\/logo\/image\/","url":"https:\/\/ayrilys.com\/wp-content\/uploads\/2024\/07\/Ayrilys-Logo-V1.png","contentUrl":"https:\/\/ayrilys.com\/wp-content\/uploads\/2024\/07\/Ayrilys-Logo-V1.png","width":119,"height":64,"caption":"Ayrilys"},"image":{"@id":"https:\/\/ayrilys.com\/#\/schema\/logo\/image\/"},"sameAs":["https:\/\/www.facebook.com\/profile.php?id=61563219240658","https:\/\/x.com\/Ayrilys165097"],"description":"Prestataire informatique depuis plus de 20 ans pour les PME et TPE","email":"ayrilys@ayrilys.com","telephone":"+33139242197","legalName":"Ayrilys","foundingDate":"2003-01-01","vatID":"FR90449159011","taxID":"44915901100013","numberOfEmployees":{"@type":"QuantitativeValue","minValue":"1","maxValue":"10"}},{"@type":"Person","@id":"https:\/\/ayrilys.com\/#\/schema\/person\/a0005f5083786553a31b7393beac4f94","name":"admin","image":{"@type":"ImageObject","inLanguage":"fr-FR","@id":"https:\/\/ayrilys.com\/#\/schema\/person\/image\/","url":"https:\/\/secure.gravatar.com\/avatar\/673394efbb9f6f675f3aa2444209d504?s=96&d=mm&r=g","contentUrl":"https:\/\/secure.gravatar.com\/avatar\/673394efbb9f6f675f3aa2444209d504?s=96&d=mm&r=g","caption":"admin"},"sameAs":["http:\/\/ayrilys.com"],"url":"https:\/\/ayrilys.com\/index.php\/author\/admin\/"}]}},"jetpack_publicize_connections":[],"jetpack_featured_media_url":"https:\/\/ayrilys.com\/wp-content\/uploads\/2024\/10\/Feu-de-camp-pleine-montagne-pexels-photo-6212576.jpeg","jetpack_sharing_enabled":true,"jetpack_likes_enabled":true,"jetpack-related-posts":[],"_links":{"self":[{"href":"https:\/\/ayrilys.com\/index.php\/wp-json\/wp\/v2\/posts\/1091","targetHints":{"allow":["GET"]}}],"collection":[{"href":"https:\/\/ayrilys.com\/index.php\/wp-json\/wp\/v2\/posts"}],"about":[{"href":"https:\/\/ayrilys.com\/index.php\/wp-json\/wp\/v2\/types\/post"}],"author":[{"embeddable":true,"href":"https:\/\/ayrilys.com\/index.php\/wp-json\/wp\/v2\/users\/1"}],"replies":[{"embeddable":true,"href":"https:\/\/ayrilys.com\/index.php\/wp-json\/wp\/v2\/comments?post=1091"}],"version-history":[{"count":2,"href":"https:\/\/ayrilys.com\/index.php\/wp-json\/wp\/v2\/posts\/1091\/revisions"}],"predecessor-version":[{"id":1093,"href":"https:\/\/ayrilys.com\/index.php\/wp-json\/wp\/v2\/posts\/1091\/revisions\/1093"}],"wp:featuredmedia":[{"embeddable":true,"href":"https:\/\/ayrilys.com\/index.php\/wp-json\/wp\/v2\/media\/1009"}],"wp:attachment":[{"href":"https:\/\/ayrilys.com\/index.php\/wp-json\/wp\/v2\/media?parent=1091"}],"wp:term":[{"taxonomy":"category","embeddable":true,"href":"https:\/\/ayrilys.com\/index.php\/wp-json\/wp\/v2\/categories?post=1091"},{"taxonomy":"post_tag","embeddable":true,"href":"https:\/\/ayrilys.com\/index.php\/wp-json\/wp\/v2\/tags?post=1091"}],"curies":[{"name":"wp","href":"https:\/\/api.w.org\/{rel}","templated":true}]}}