{"id":1187,"date":"2024-10-25T11:16:04","date_gmt":"2024-10-25T09:16:04","guid":{"rendered":"https:\/\/ayrilys.com\/?p=1187"},"modified":"2024-10-25T11:18:15","modified_gmt":"2024-10-25T09:18:15","slug":"fuite-de-donnees-personnelles-chez-ornikar","status":"publish","type":"post","link":"https:\/\/ayrilys.com\/index.php\/fuite-de-donnees-personnelles-chez-ornikar\/","title":{"rendered":"Fuite de donn\u00e9es personnelles chez Ornikar.\u00a0"},"content":{"rendered":"\n<p class=\"has-large-font-size\"><strong>Fuite de donn\u00e9es personnelles chez Ornikar.\u00a0<\/strong><\/p>\n\n\n\n<p>Les clients de la soci\u00e9t\u00e9 sp\u00e9cialis\u00e9e dans les services d&rsquo;apprentissage \u00e0 la conduite (permis, code\u2026) ont \u00e9t\u00e9 pr\u00e9venus d&rsquo;une exposition de leurs donn\u00e9es personnelles incluant noms, pr\u00e9noms, emails, num\u00e9ros de t\u00e9l\u00e9phone, dates de naissance et adresses postales. Ornikar a indiqu\u00e9 que les donn\u00e9es bancaires et mots de passe n&rsquo;ont pas \u00e9t\u00e9 compromis. Deux cybercriminels ont revendiqu\u00e9 l&rsquo;attaque et vendent les donn\u00e9es d\u00e9rob\u00e9es sur le Darknet qui concerneraient 4,2 millions d&rsquo;utilisateurs. Des actions de renforcement de la s\u00e9curit\u00e9 ont \u00e9t\u00e9 mises en place et la Cnil pr\u00e9venue. Des campagnes de phishing exploitant ces donn\u00e9es sont \u00e0 pr\u00e9voir, les clients d&rsquo;Ornikar sont donc invit\u00e9s \u00e0 la plus grande vigilance concernant tout mail ou contact (t\u00e9l\u00e9phone, courrier\u2026) externe.<\/p>\n\n\n\n<p><\/p>\n","protected":false},"excerpt":{"rendered":"<p>Fuite de donn\u00e9es personnelles chez Ornikar.\u00a0 Les clients de la soci\u00e9t\u00e9 sp\u00e9cialis\u00e9e dans les services d&rsquo;apprentissage \u00e0 la conduite (permis, code\u2026) ont \u00e9t\u00e9 pr\u00e9venus d&rsquo;une exposition de leurs donn\u00e9es personnelles incluant noms, pr\u00e9noms, emails, num\u00e9ros de t\u00e9l\u00e9phone, dates de naissance et adresses postales. Ornikar a indiqu\u00e9 que les donn\u00e9es bancaires et mots de passe n&rsquo;ont&#8230;<\/p>\n","protected":false},"author":1,"featured_media":874,"comment_status":"open","ping_status":"open","sticky":false,"template":"","format":"standard","meta":{"_kadence_starter_templates_imported_post":false,"_kad_post_transparent":"","_kad_post_title":"hide","_kad_post_layout":"","_kad_post_sidebar_id":"","_kad_post_content_style":"","_kad_post_vertical_padding":"","_kad_post_feature":"","_kad_post_feature_position":"","_kad_post_header":false,"_kad_post_footer":false,"_kad_post_classname":"","footnotes":"","jetpack_publicize_message":"","jetpack_publicize_feature_enabled":true,"jetpack_social_post_already_shared":false,"jetpack_social_options":{"image_generator_settings":{"template":"highway","enabled":true,"token":"eyJpbWciOiJodHRwczpcL1wvYXlyaWx5cy5jb21cL3dwLWNvbnRlbnRcL3VwbG9hZHNcLzIwMjRcLzA5XC9DcnlwdGVkLXNodXR0ZXJzdG9ja18xODM1OTIzNTk3LTEwMjR4NDE4LTEuanBlZyIsInR4dCI6IkZ1aXRlIGRlIGRvbm5cdTAwZTllcyBwZXJzb25uZWxsZXMgY2hleiBPcm5pa2FyLlx1MDBhMCIsInRlbXBsYXRlIjoiaGlnaHdheSIsImJsb2dfaWQiOjIzNTMzNTAyM30.2qRFqwU9qtssae8ARh-grqqOdat8Eg8UfoTUxlOQHWAMQ"},"version":2}},"categories":[22],"tags":[],"class_list":["post-1187","post","type-post","status-publish","format-standard","has-post-thumbnail","hentry","category-securite-informatique"],"yoast_head":"<!-- This site is optimized with the Yoast SEO Premium plugin v25.8 (Yoast SEO v26.0) - https:\/\/yoast.com\/wordpress\/plugins\/seo\/ -->\r\n<title>Cybers\u00e9curit\u00e9 PME : Les Risques de Fuite de Donn\u00e9es Personnelles Prestataire informatique Viroflay en r\u00e9gion parisienne depuis 2003 pour les PME\/PMI S\u00e9curit\u00e9 informatique -<\/title>\r\n<meta name=\"description\" content=\"D\u00e9couvrez la fuite de donn\u00e9es chez Ornikar et les actions de renforcement de la s\u00e9curit\u00e9 mises en place. Prot\u00e9gez vos donn\u00e9es personnelles.\" \/>\r\n<meta name=\"robots\" content=\"index, follow, max-snippet:-1, max-image-preview:large, max-video-preview:-1\" \/>\r\n<link rel=\"canonical\" href=\"https:\/\/ayrilys.com\/index.php\/fuite-de-donnees-personnelles-chez-ornikar\/\" \/>\r\n<meta property=\"og:locale\" content=\"fr_FR\" \/>\r\n<meta property=\"og:type\" content=\"article\" \/>\r\n<meta property=\"og:title\" content=\"Fuite de donn\u00e9es personnelles chez Ornikar.\u00a0\" \/>\r\n<meta property=\"og:description\" content=\"Fuite de donn\u00e9es personnelles chez Ornikar.\u00a0 Prestataire informatique Viroflay en r\u00e9gion parisienne depuis 2003 pour les PME\/PMI\" \/>\r\n<meta property=\"og:url\" content=\"https:\/\/ayrilys.com\/index.php\/fuite-de-donnees-personnelles-chez-ornikar\/\" \/>\r\n<meta property=\"og:site_name\" content=\"Prestataire informatique Viroflay en r\u00e9gion parisienne depuis 2003 pour les PME\/PMI\" \/>\r\n<meta property=\"article:publisher\" content=\"https:\/\/www.facebook.com\/profile.php?id=61563219240658\" \/>\r\n<meta property=\"article:published_time\" content=\"2024-10-25T09:16:04+00:00\" \/>\r\n<meta property=\"article:modified_time\" content=\"2024-10-25T09:18:15+00:00\" \/>\r\n<meta property=\"og:image\" content=\"https:\/\/ayrilys.com\/wp-content\/uploads\/2024\/09\/Crypted-shutterstock_1835923597-1024x418-1.jpeg\" \/>\r\n\t<meta property=\"og:image:width\" content=\"1024\" \/>\r\n\t<meta property=\"og:image:height\" content=\"418\" \/>\r\n\t<meta property=\"og:image:type\" content=\"image\/jpeg\" \/>\r\n<meta name=\"author\" content=\"admin\" \/>\r\n<meta name=\"twitter:card\" content=\"summary_large_image\" \/>\r\n<meta name=\"twitter:creator\" content=\"@Ayrilys165097\" \/>\r\n<meta name=\"twitter:site\" content=\"@Ayrilys165097\" \/>\r\n<meta name=\"twitter:label1\" content=\"\u00c9crit par\" \/>\n\t<meta name=\"twitter:data1\" content=\"admin\" \/>\n\t<meta name=\"twitter:label2\" content=\"Dur\u00e9e de lecture estim\u00e9e\" \/>\n\t<meta name=\"twitter:data2\" content=\"1 minute\" \/>\r\n<script type=\"application\/ld+json\" class=\"yoast-schema-graph\">{\"@context\":\"https:\/\/schema.org\",\"@graph\":[{\"@type\":\"Article\",\"@id\":\"https:\/\/ayrilys.com\/index.php\/fuite-de-donnees-personnelles-chez-ornikar\/#article\",\"isPartOf\":{\"@id\":\"https:\/\/ayrilys.com\/index.php\/fuite-de-donnees-personnelles-chez-ornikar\/\"},\"author\":{\"name\":\"admin\",\"@id\":\"https:\/\/ayrilys.com\/#\/schema\/person\/a0005f5083786553a31b7393beac4f94\"},\"headline\":\"Fuite de donn\u00e9es personnelles chez Ornikar.\u00a0\",\"datePublished\":\"2024-10-25T09:16:04+00:00\",\"dateModified\":\"2024-10-25T09:18:15+00:00\",\"mainEntityOfPage\":{\"@id\":\"https:\/\/ayrilys.com\/index.php\/fuite-de-donnees-personnelles-chez-ornikar\/\"},\"wordCount\":151,\"commentCount\":0,\"publisher\":{\"@id\":\"https:\/\/ayrilys.com\/#organization\"},\"image\":{\"@id\":\"https:\/\/ayrilys.com\/index.php\/fuite-de-donnees-personnelles-chez-ornikar\/#primaryimage\"},\"thumbnailUrl\":\"https:\/\/ayrilys.com\/wp-content\/uploads\/2024\/09\/Crypted-shutterstock_1835923597-1024x418-1.jpeg\",\"articleSection\":[\"S\u00e9curit\u00e9 informatique\"],\"inLanguage\":\"fr-FR\",\"potentialAction\":[{\"@type\":\"CommentAction\",\"name\":\"Comment\",\"target\":[\"https:\/\/ayrilys.com\/index.php\/fuite-de-donnees-personnelles-chez-ornikar\/#respond\"]}]},{\"@type\":\"WebPage\",\"@id\":\"https:\/\/ayrilys.com\/index.php\/fuite-de-donnees-personnelles-chez-ornikar\/\",\"url\":\"https:\/\/ayrilys.com\/index.php\/fuite-de-donnees-personnelles-chez-ornikar\/\",\"name\":\"Cybers\u00e9curit\u00e9 PME : Les Risques de Fuite de Donn\u00e9es Personnelles Prestataire informatique Viroflay en r\u00e9gion parisienne depuis 2003 pour les PME\/PMI S\u00e9curit\u00e9 informatique -\",\"isPartOf\":{\"@id\":\"https:\/\/ayrilys.com\/#website\"},\"primaryImageOfPage\":{\"@id\":\"https:\/\/ayrilys.com\/index.php\/fuite-de-donnees-personnelles-chez-ornikar\/#primaryimage\"},\"image\":{\"@id\":\"https:\/\/ayrilys.com\/index.php\/fuite-de-donnees-personnelles-chez-ornikar\/#primaryimage\"},\"thumbnailUrl\":\"https:\/\/ayrilys.com\/wp-content\/uploads\/2024\/09\/Crypted-shutterstock_1835923597-1024x418-1.jpeg\",\"datePublished\":\"2024-10-25T09:16:04+00:00\",\"dateModified\":\"2024-10-25T09:18:15+00:00\",\"description\":\"D\u00e9couvrez la fuite de donn\u00e9es chez Ornikar et les actions de renforcement de la s\u00e9curit\u00e9 mises en place. Prot\u00e9gez vos donn\u00e9es personnelles.\",\"breadcrumb\":{\"@id\":\"https:\/\/ayrilys.com\/index.php\/fuite-de-donnees-personnelles-chez-ornikar\/#breadcrumb\"},\"inLanguage\":\"fr-FR\",\"potentialAction\":[{\"@type\":\"ReadAction\",\"target\":[\"https:\/\/ayrilys.com\/index.php\/fuite-de-donnees-personnelles-chez-ornikar\/\"]}]},{\"@type\":\"ImageObject\",\"inLanguage\":\"fr-FR\",\"@id\":\"https:\/\/ayrilys.com\/index.php\/fuite-de-donnees-personnelles-chez-ornikar\/#primaryimage\",\"url\":\"https:\/\/ayrilys.com\/wp-content\/uploads\/2024\/09\/Crypted-shutterstock_1835923597-1024x418-1.jpeg\",\"contentUrl\":\"https:\/\/ayrilys.com\/wp-content\/uploads\/2024\/09\/Crypted-shutterstock_1835923597-1024x418-1.jpeg\",\"width\":1024,\"height\":418},{\"@type\":\"BreadcrumbList\",\"@id\":\"https:\/\/ayrilys.com\/index.php\/fuite-de-donnees-personnelles-chez-ornikar\/#breadcrumb\",\"itemListElement\":[{\"@type\":\"ListItem\",\"position\":1,\"name\":\"Accueil\",\"item\":\"https:\/\/ayrilys.com\/\"},{\"@type\":\"ListItem\",\"position\":2,\"name\":\"Fuite de donn\u00e9es personnelles chez Ornikar.\u00a0\"}]},{\"@type\":\"WebSite\",\"@id\":\"https:\/\/ayrilys.com\/#website\",\"url\":\"https:\/\/ayrilys.com\/\",\"name\":\"Ayrilys prestataire informatique infog\u00e9rance PME TPE MSP depuis 2003 sur Viroflay\",\"description\":\"Prestataire informatique Viroflay en r\u00e9gion parisienne PME TPE  ile de France depuis plus de 20 ans\",\"publisher\":{\"@id\":\"https:\/\/ayrilys.com\/#organization\"},\"alternateName\":\"Ayriliys infog\u00e9rance fournisseur de services manag\u00e9s MSP PME TPE Viroflay\",\"potentialAction\":[{\"@type\":\"SearchAction\",\"target\":{\"@type\":\"EntryPoint\",\"urlTemplate\":\"https:\/\/ayrilys.com\/?s={search_term_string}\"},\"query-input\":{\"@type\":\"PropertyValueSpecification\",\"valueRequired\":true,\"valueName\":\"search_term_string\"}}],\"inLanguage\":\"fr-FR\"},{\"@type\":\"Organization\",\"@id\":\"https:\/\/ayrilys.com\/#organization\",\"name\":\"Ayrilys\",\"url\":\"https:\/\/ayrilys.com\/\",\"logo\":{\"@type\":\"ImageObject\",\"inLanguage\":\"fr-FR\",\"@id\":\"https:\/\/ayrilys.com\/#\/schema\/logo\/image\/\",\"url\":\"https:\/\/ayrilys.com\/wp-content\/uploads\/2024\/07\/Ayrilys-Logo-V1.png\",\"contentUrl\":\"https:\/\/ayrilys.com\/wp-content\/uploads\/2024\/07\/Ayrilys-Logo-V1.png\",\"width\":119,\"height\":64,\"caption\":\"Ayrilys\"},\"image\":{\"@id\":\"https:\/\/ayrilys.com\/#\/schema\/logo\/image\/\"},\"sameAs\":[\"https:\/\/www.facebook.com\/profile.php?id=61563219240658\",\"https:\/\/x.com\/Ayrilys165097\"],\"description\":\"Prestataire informatique depuis plus de 20 ans pour les PME et TPE\",\"email\":\"ayrilys@ayrilys.com\",\"telephone\":\"+33139242197\",\"legalName\":\"Ayrilys\",\"foundingDate\":\"2003-01-01\",\"vatID\":\"FR90449159011\",\"taxID\":\"44915901100013\",\"numberOfEmployees\":{\"@type\":\"QuantitativeValue\",\"minValue\":\"1\",\"maxValue\":\"10\"}},{\"@type\":\"Person\",\"@id\":\"https:\/\/ayrilys.com\/#\/schema\/person\/a0005f5083786553a31b7393beac4f94\",\"name\":\"admin\",\"image\":{\"@type\":\"ImageObject\",\"inLanguage\":\"fr-FR\",\"@id\":\"https:\/\/ayrilys.com\/#\/schema\/person\/image\/\",\"url\":\"https:\/\/secure.gravatar.com\/avatar\/673394efbb9f6f675f3aa2444209d504?s=96&d=mm&r=g\",\"contentUrl\":\"https:\/\/secure.gravatar.com\/avatar\/673394efbb9f6f675f3aa2444209d504?s=96&d=mm&r=g\",\"caption\":\"admin\"},\"sameAs\":[\"http:\/\/ayrilys.com\"],\"url\":\"https:\/\/ayrilys.com\/index.php\/author\/admin\/\"}]}<\/script>\r\n<!-- \/ Yoast SEO Premium plugin. -->","yoast_head_json":{"title":"Cybers\u00e9curit\u00e9 PME : Les Risques de Fuite de Donn\u00e9es Personnelles Prestataire informatique Viroflay en r\u00e9gion parisienne depuis 2003 pour les PME\/PMI S\u00e9curit\u00e9 informatique -","description":"D\u00e9couvrez la fuite de donn\u00e9es chez Ornikar et les actions de renforcement de la s\u00e9curit\u00e9 mises en place. Prot\u00e9gez vos donn\u00e9es personnelles.","robots":{"index":"index","follow":"follow","max-snippet":"max-snippet:-1","max-image-preview":"max-image-preview:large","max-video-preview":"max-video-preview:-1"},"canonical":"https:\/\/ayrilys.com\/index.php\/fuite-de-donnees-personnelles-chez-ornikar\/","og_locale":"fr_FR","og_type":"article","og_title":"Fuite de donn\u00e9es personnelles chez Ornikar.\u00a0","og_description":"Fuite de donn\u00e9es personnelles chez Ornikar.\u00a0 Prestataire informatique Viroflay en r\u00e9gion parisienne depuis 2003 pour les PME\/PMI","og_url":"https:\/\/ayrilys.com\/index.php\/fuite-de-donnees-personnelles-chez-ornikar\/","og_site_name":"Prestataire informatique Viroflay en r\u00e9gion parisienne depuis 2003 pour les PME\/PMI","article_publisher":"https:\/\/www.facebook.com\/profile.php?id=61563219240658","article_published_time":"2024-10-25T09:16:04+00:00","article_modified_time":"2024-10-25T09:18:15+00:00","og_image":[{"width":1024,"height":418,"url":"https:\/\/ayrilys.com\/wp-content\/uploads\/2024\/09\/Crypted-shutterstock_1835923597-1024x418-1.jpeg","type":"image\/jpeg"}],"author":"admin","twitter_card":"summary_large_image","twitter_creator":"@Ayrilys165097","twitter_site":"@Ayrilys165097","twitter_misc":{"\u00c9crit par":"admin","Dur\u00e9e de lecture estim\u00e9e":"1 minute"},"schema":{"@context":"https:\/\/schema.org","@graph":[{"@type":"Article","@id":"https:\/\/ayrilys.com\/index.php\/fuite-de-donnees-personnelles-chez-ornikar\/#article","isPartOf":{"@id":"https:\/\/ayrilys.com\/index.php\/fuite-de-donnees-personnelles-chez-ornikar\/"},"author":{"name":"admin","@id":"https:\/\/ayrilys.com\/#\/schema\/person\/a0005f5083786553a31b7393beac4f94"},"headline":"Fuite de donn\u00e9es personnelles chez Ornikar.\u00a0","datePublished":"2024-10-25T09:16:04+00:00","dateModified":"2024-10-25T09:18:15+00:00","mainEntityOfPage":{"@id":"https:\/\/ayrilys.com\/index.php\/fuite-de-donnees-personnelles-chez-ornikar\/"},"wordCount":151,"commentCount":0,"publisher":{"@id":"https:\/\/ayrilys.com\/#organization"},"image":{"@id":"https:\/\/ayrilys.com\/index.php\/fuite-de-donnees-personnelles-chez-ornikar\/#primaryimage"},"thumbnailUrl":"https:\/\/ayrilys.com\/wp-content\/uploads\/2024\/09\/Crypted-shutterstock_1835923597-1024x418-1.jpeg","articleSection":["S\u00e9curit\u00e9 informatique"],"inLanguage":"fr-FR","potentialAction":[{"@type":"CommentAction","name":"Comment","target":["https:\/\/ayrilys.com\/index.php\/fuite-de-donnees-personnelles-chez-ornikar\/#respond"]}]},{"@type":"WebPage","@id":"https:\/\/ayrilys.com\/index.php\/fuite-de-donnees-personnelles-chez-ornikar\/","url":"https:\/\/ayrilys.com\/index.php\/fuite-de-donnees-personnelles-chez-ornikar\/","name":"Cybers\u00e9curit\u00e9 PME : Les Risques de Fuite de Donn\u00e9es Personnelles Prestataire informatique Viroflay en r\u00e9gion parisienne depuis 2003 pour les PME\/PMI S\u00e9curit\u00e9 informatique -","isPartOf":{"@id":"https:\/\/ayrilys.com\/#website"},"primaryImageOfPage":{"@id":"https:\/\/ayrilys.com\/index.php\/fuite-de-donnees-personnelles-chez-ornikar\/#primaryimage"},"image":{"@id":"https:\/\/ayrilys.com\/index.php\/fuite-de-donnees-personnelles-chez-ornikar\/#primaryimage"},"thumbnailUrl":"https:\/\/ayrilys.com\/wp-content\/uploads\/2024\/09\/Crypted-shutterstock_1835923597-1024x418-1.jpeg","datePublished":"2024-10-25T09:16:04+00:00","dateModified":"2024-10-25T09:18:15+00:00","description":"D\u00e9couvrez la fuite de donn\u00e9es chez Ornikar et les actions de renforcement de la s\u00e9curit\u00e9 mises en place. Prot\u00e9gez vos donn\u00e9es personnelles.","breadcrumb":{"@id":"https:\/\/ayrilys.com\/index.php\/fuite-de-donnees-personnelles-chez-ornikar\/#breadcrumb"},"inLanguage":"fr-FR","potentialAction":[{"@type":"ReadAction","target":["https:\/\/ayrilys.com\/index.php\/fuite-de-donnees-personnelles-chez-ornikar\/"]}]},{"@type":"ImageObject","inLanguage":"fr-FR","@id":"https:\/\/ayrilys.com\/index.php\/fuite-de-donnees-personnelles-chez-ornikar\/#primaryimage","url":"https:\/\/ayrilys.com\/wp-content\/uploads\/2024\/09\/Crypted-shutterstock_1835923597-1024x418-1.jpeg","contentUrl":"https:\/\/ayrilys.com\/wp-content\/uploads\/2024\/09\/Crypted-shutterstock_1835923597-1024x418-1.jpeg","width":1024,"height":418},{"@type":"BreadcrumbList","@id":"https:\/\/ayrilys.com\/index.php\/fuite-de-donnees-personnelles-chez-ornikar\/#breadcrumb","itemListElement":[{"@type":"ListItem","position":1,"name":"Accueil","item":"https:\/\/ayrilys.com\/"},{"@type":"ListItem","position":2,"name":"Fuite de donn\u00e9es personnelles chez Ornikar.\u00a0"}]},{"@type":"WebSite","@id":"https:\/\/ayrilys.com\/#website","url":"https:\/\/ayrilys.com\/","name":"Ayrilys prestataire informatique infog\u00e9rance PME TPE MSP depuis 2003 sur Viroflay","description":"Prestataire informatique Viroflay en r\u00e9gion parisienne PME TPE  ile de France depuis plus de 20 ans","publisher":{"@id":"https:\/\/ayrilys.com\/#organization"},"alternateName":"Ayriliys infog\u00e9rance fournisseur de services manag\u00e9s MSP PME TPE Viroflay","potentialAction":[{"@type":"SearchAction","target":{"@type":"EntryPoint","urlTemplate":"https:\/\/ayrilys.com\/?s={search_term_string}"},"query-input":{"@type":"PropertyValueSpecification","valueRequired":true,"valueName":"search_term_string"}}],"inLanguage":"fr-FR"},{"@type":"Organization","@id":"https:\/\/ayrilys.com\/#organization","name":"Ayrilys","url":"https:\/\/ayrilys.com\/","logo":{"@type":"ImageObject","inLanguage":"fr-FR","@id":"https:\/\/ayrilys.com\/#\/schema\/logo\/image\/","url":"https:\/\/ayrilys.com\/wp-content\/uploads\/2024\/07\/Ayrilys-Logo-V1.png","contentUrl":"https:\/\/ayrilys.com\/wp-content\/uploads\/2024\/07\/Ayrilys-Logo-V1.png","width":119,"height":64,"caption":"Ayrilys"},"image":{"@id":"https:\/\/ayrilys.com\/#\/schema\/logo\/image\/"},"sameAs":["https:\/\/www.facebook.com\/profile.php?id=61563219240658","https:\/\/x.com\/Ayrilys165097"],"description":"Prestataire informatique depuis plus de 20 ans pour les PME et TPE","email":"ayrilys@ayrilys.com","telephone":"+33139242197","legalName":"Ayrilys","foundingDate":"2003-01-01","vatID":"FR90449159011","taxID":"44915901100013","numberOfEmployees":{"@type":"QuantitativeValue","minValue":"1","maxValue":"10"}},{"@type":"Person","@id":"https:\/\/ayrilys.com\/#\/schema\/person\/a0005f5083786553a31b7393beac4f94","name":"admin","image":{"@type":"ImageObject","inLanguage":"fr-FR","@id":"https:\/\/ayrilys.com\/#\/schema\/person\/image\/","url":"https:\/\/secure.gravatar.com\/avatar\/673394efbb9f6f675f3aa2444209d504?s=96&d=mm&r=g","contentUrl":"https:\/\/secure.gravatar.com\/avatar\/673394efbb9f6f675f3aa2444209d504?s=96&d=mm&r=g","caption":"admin"},"sameAs":["http:\/\/ayrilys.com"],"url":"https:\/\/ayrilys.com\/index.php\/author\/admin\/"}]}},"jetpack_publicize_connections":[],"jetpack_featured_media_url":"https:\/\/ayrilys.com\/wp-content\/uploads\/2024\/09\/Crypted-shutterstock_1835923597-1024x418-1.jpeg","jetpack_sharing_enabled":true,"jetpack_likes_enabled":true,"jetpack-related-posts":[],"_links":{"self":[{"href":"https:\/\/ayrilys.com\/index.php\/wp-json\/wp\/v2\/posts\/1187","targetHints":{"allow":["GET"]}}],"collection":[{"href":"https:\/\/ayrilys.com\/index.php\/wp-json\/wp\/v2\/posts"}],"about":[{"href":"https:\/\/ayrilys.com\/index.php\/wp-json\/wp\/v2\/types\/post"}],"author":[{"embeddable":true,"href":"https:\/\/ayrilys.com\/index.php\/wp-json\/wp\/v2\/users\/1"}],"replies":[{"embeddable":true,"href":"https:\/\/ayrilys.com\/index.php\/wp-json\/wp\/v2\/comments?post=1187"}],"version-history":[{"count":1,"href":"https:\/\/ayrilys.com\/index.php\/wp-json\/wp\/v2\/posts\/1187\/revisions"}],"predecessor-version":[{"id":1188,"href":"https:\/\/ayrilys.com\/index.php\/wp-json\/wp\/v2\/posts\/1187\/revisions\/1188"}],"wp:featuredmedia":[{"embeddable":true,"href":"https:\/\/ayrilys.com\/index.php\/wp-json\/wp\/v2\/media\/874"}],"wp:attachment":[{"href":"https:\/\/ayrilys.com\/index.php\/wp-json\/wp\/v2\/media?parent=1187"}],"wp:term":[{"taxonomy":"category","embeddable":true,"href":"https:\/\/ayrilys.com\/index.php\/wp-json\/wp\/v2\/categories?post=1187"},{"taxonomy":"post_tag","embeddable":true,"href":"https:\/\/ayrilys.com\/index.php\/wp-json\/wp\/v2\/tags?post=1187"}],"curies":[{"name":"wp","href":"https:\/\/api.w.org\/{rel}","templated":true}]}}