{"id":1230,"date":"2024-11-05T11:35:12","date_gmt":"2024-11-05T10:35:12","guid":{"rendered":"https:\/\/ayrilys.com\/?p=1230"},"modified":"2025-08-25T14:52:54","modified_gmt":"2025-08-25T12:52:54","slug":"microsoft-retarde-encore-le-deploiement-de-recall","status":"publish","type":"post","link":"https:\/\/ayrilys.com\/index.php\/microsoft-retarde-encore-le-deploiement-de-recall\/","title":{"rendered":"Microsoft retarde encore le d\u00e9ploiement de Recall"},"content":{"rendered":"\n<p class=\"has-large-font-size\"><strong>Microsoft retarde encore le d\u00e9ploiement de Recall<\/strong><\/p>\n\n\n\n<p>La fonction controvers\u00e9e de rappel d&rsquo;activit\u00e9s de Microsoft pour les derniers PC Windows Copilot+ devait initialement \u00eatre lanc\u00e9e en beta en juin avant d&rsquo;\u00eatre plac\u00e9e dans Windows Insider. Le retour \u00e9tait alors pr\u00e9vu en octobre. L&rsquo;\u00e9diteur a annonc\u00e9 un \u00e9ni\u00e8me report en d\u00e9cembre.<\/p>\n\n\n\n<figure class=\"wp-block-image\"><img decoding=\"async\" src=\"https:\/\/images.itnewsinfo.com\/lmi\/articles\/grande\/000000099571.png\" alt=\"Depuis l'annonce de son lancement en mai dernier, la fonction Recall de Microsoft dans les PC Copilot+ a subi d'importantes modifications face aux nombreuses critiques en mati\u00e8re de s\u00e9curit\u00e9 et de vie priv\u00e9e. (cr\u00e9dit : Microsoft)\" title=\"Depuis l'annonce de son lancement en mai dernier, la fonction Recall de Microsoft dans les PC Copilot+ a subi d'importantes modifications face aux nombreuses critiques en mati\u00e8re de s\u00e9curit\u00e9 et de vie priv\u00e9e. (cr\u00e9dit : Microsoft)\"\/><figcaption class=\"wp-element-caption\">Depuis l&rsquo;annonce de son lancement en mai dernier, la fonction Recall de Microsoft dans les PC Copilot+ a subi d&rsquo;importantes modifications face aux nombreuses critiques en mati\u00e8re de s\u00e9curit\u00e9 et de vie priv\u00e9e. (cr\u00e9dit : Microsoft)<\/figcaption><\/figure>\n\n\n\n<p><a href=\"https:\/\/www.lemondeinformatique.fr\/toute-l-actualite-marque-sur-microsoft-4.html\">Microsoft<\/a>&nbsp;a de nouveau retard\u00e9 le d\u00e9ploiement de sa fonction Windows Recall.&nbsp;<a href=\"https:\/\/www.lemondeinformatique.fr\/actualites\/lire-la-fonction-windows-recall-tres-decriee-bientot-de-retour-94516.html\">Cette fonction controvers\u00e9e<\/a>, qui prend r\u00e9guli\u00e8rement des captures d&rsquo;\u00e9cran du bureau de l&rsquo;utilisateur, devrait \u00eatre lanc\u00e9e en preview en d\u00e9cembre.&nbsp;<a href=\"https:\/\/www.lemondeinformatique.fr\/actualites\/lire-avec-copilot-pc-microsoft-jette-les-portables-windows-dans-l-ere-de-l-ia-93781.html\">Microsoft a d\u00e9voil\u00e9 Recall en mai<\/a>, et avait initialement l&rsquo;intention de la proposer aux utilisateurs de Windows Insider en juin. Ces plans ont \u00e9t\u00e9 suspendus car Microsoft a r\u00e9pondu aux pr\u00e9occupations des experts en mati\u00e8re de s\u00e9curit\u00e9 des donn\u00e9es et de protection de la vie priv\u00e9e concernant Recall, et la nouvelle date de lancement a \u00e9t\u00e9 fix\u00e9e \u00e0 octobre. Microsoft a indiqu\u00e9 qu&rsquo;elle avait de nouveau report\u00e9 la sortie de Recall, car elle continue \u00e0 travailler sur cette fonctionnalit\u00e9.&nbsp;<\/p>\n\n\n\n<p>\u00ab Nous nous engageons \u00e0 offrir une exp\u00e9rience s\u00fbre et fiable avec Recall \u00bb, a d\u00e9clar\u00e9 Brandon LeBlanc, chef de produit senior de Windows, dans une&nbsp;<a href=\"https:\/\/www.theverge.com\/2024\/10\/31\/24284572\/microsoft-recall-delay-december-windows-insider-testing\" target=\"_blank\" rel=\"noreferrer noopener\">d\u00e9claration faite \u00e0 The Verge<\/a>. \u00ab Afin de nous assurer que ces mises \u00e0 jour importantes sont disponibles, nous prenons le temps d&rsquo;affiner l&rsquo;exp\u00e9rience avant de la proposer en avant-premi\u00e8re aux utilisateurs de Windows Insider. \u00ab Initialement pr\u00e9vu pour le mois d&rsquo;octobre, Recall sera disponible en avant-premi\u00e8re pour les Windows Insiders sur les PC Copilot+ d&rsquo;ici le mois de d\u00e9cembre. \u00bb<\/p>\n\n\n\n<h2 class=\"wp-block-heading\" id=\"h-detricotage-et-retard-a-l-allumage\">D\u00e9tricotage et retard \u00e0 l&rsquo;allumage<\/h2>\n\n\n\n<p>Pr\u00e9sent\u00e9 comme une \u00ab chronologie explorable du pass\u00e9 de votre PC \u00bb,&nbsp;<a href=\"https:\/\/www.lemondeinformatique.fr\/actualites\/lire-recall-et-vie-privee-microsoft-rectifie-le-tir-93964.html\">Recall a suscit\u00e9 des critiques de la part d&rsquo;experts en s\u00e9curit\u00e9 et en protection de la vie priv\u00e9<\/a>e, certains comparant cette fonctionnalit\u00e9 \u00e0 un logiciel d&rsquo;enregistrement de frappe. Lorsqu&rsquo;il est activ\u00e9, Recall enregistre toutes les actions de l&rsquo;utilisateur sur les PC Copilot+, en prenant des \u00ab instantan\u00e9s \u00bb de l&rsquo;\u00e9cran \u00e0 cinq secondes d&rsquo;intervalle. Les utilisateurs peuvent ensuite rechercher une chronologie de toutes les interactions avec leur appareil, qu&rsquo;il s&rsquo;agisse d&rsquo;une application, d&rsquo;un site web, d&rsquo;un document, d&rsquo;une image ou de toute autre chose.<\/p>\n\n\n\n<p><a href=\"https:\/\/www.lemondeinformatique.fr\/actualites\/lire-securite-renforcee-pour-recall-de-microsoft-94841.html\">En septembre, Microsoft a pr\u00e9sent\u00e9<\/a>&nbsp;ses projets d&rsquo;am\u00e9lioration de la s\u00e9curit\u00e9 et de la protection de la vie priv\u00e9e. Par exemple, l&rsquo;option Recall est d\u00e9sormais facultative, de sorte que les utilisateurs de PC Copilot+ doivent activer la fonction, faute de quoi elle n&rsquo;enregistrera pas leur \u00e9cran. L&rsquo;authentification biom\u00e9trique est \u00e9galement requise via Windows Hello chaque fois qu&rsquo;un utilisateur souhaite utiliser Recall, et le filtrage de contenu pour emp\u00eacher l&rsquo;enregistrement de donn\u00e9es sensibles telles que les d\u00e9tails de la carte de cr\u00e9dit est activ\u00e9 par d\u00e9faut. A force d&rsquo;\u00eatre d\u00e9tricot\u00e9 de ses fonctions initiales et de subir des retards constants, on se demande si Microsoft tiendra vraiment sa promesse de sortir Recall du bois avant la fin de l&rsquo;ann\u00e9e.<\/p>\n\n\n\n<p>Une erreur dans l&rsquo;article?<a href=\"https:\/\/www.lemondeinformatique.fr\/divers\/formulaire_contact_lmi.php?id=1&amp;type=lmi&amp;arti=95156\">Proposez-nous une correction<\/a><\/p>\n\n\n\n<p>Article r\u00e9dig\u00e9 par<\/p>\n\n\n\n<p>Matthew Finnegan, Computerworld (adapt\u00e9 par Dominique Filippone)<\/p>\n","protected":false},"excerpt":{"rendered":"<p>Microsoft retarde encore le d\u00e9ploiement de Recall La fonction controvers\u00e9e de rappel d&rsquo;activit\u00e9s de Microsoft pour les derniers PC Windows Copilot+ devait initialement \u00eatre lanc\u00e9e en beta en juin avant d&rsquo;\u00eatre plac\u00e9e dans Windows Insider. Le retour \u00e9tait alors pr\u00e9vu en octobre. L&rsquo;\u00e9diteur a annonc\u00e9 un \u00e9ni\u00e8me report en d\u00e9cembre. Microsoft&nbsp;a de nouveau retard\u00e9 le&#8230;<\/p>\n","protected":false},"author":1,"featured_media":0,"comment_status":"open","ping_status":"open","sticky":false,"template":"","format":"standard","meta":{"_kadence_starter_templates_imported_post":false,"_kad_post_transparent":"","_kad_post_title":"hide","_kad_post_layout":"","_kad_post_sidebar_id":"","_kad_post_content_style":"","_kad_post_vertical_padding":"","_kad_post_feature":"","_kad_post_feature_position":"","_kad_post_header":false,"_kad_post_footer":false,"_kad_post_classname":"","footnotes":"","jetpack_publicize_message":"","jetpack_publicize_feature_enabled":true,"jetpack_social_post_already_shared":false,"jetpack_social_options":{"image_generator_settings":{"template":"highway","enabled":true,"token":"eyJ0eHQiOiJNaWNyb3NvZnQgcmV0YXJkZSBlbmNvcmUgbGUgZFx1MDBlOXBsb2llbWVudCBkZSBSZWNhbGwiLCJ0ZW1wbGF0ZSI6ImhpZ2h3YXkiLCJmb250IjoiIiwiYmxvZ19pZCI6MjM1MzM1MDIzfQ.d0li16AcRwaIl2oWqZ_iFZDIr42dx15AxChyOCX4iOMMQ"},"version":2,"attached_media":[{"id":1231,"url":"https:\/\/ayrilys.com\/wp-content\/uploads\/2024\/11\/Microsoft-Siege.jpeg","type":"image\/jpeg"}]}},"categories":[20,50],"tags":[],"class_list":["post-1230","post","type-post","status-publish","format-standard","hentry","category-accueil","category-outils"],"yoast_head":"<!-- This site is optimized with the Yoast SEO Premium plugin v25.8 (Yoast SEO v26.0) - https:\/\/yoast.com\/wordpress\/plugins\/seo\/ -->\r\n<title>Microsoft Recall IA : Retard du d\u00e9ploiement de la fonction controvers\u00e9e Prestataire informatique Viroflay en r\u00e9gion parisienne depuis 2003 pour les PME\/PMI Accueil -<\/title>\r\n<meta name=\"description\" content=\"D\u00e9couvrez les d\u00e9tails de la fonction de rappel d&#039;activit\u00e9s de Microsoft pour les PC Windows Copilot+. Retard\u00e9 une fois de plus, le d\u00e9ploiement suscite la controverse.\" \/>\r\n<meta name=\"robots\" content=\"index, follow, max-snippet:-1, max-image-preview:large, max-video-preview:-1\" \/>\r\n<link rel=\"canonical\" href=\"https:\/\/ayrilys.com\/index.php\/microsoft-retarde-encore-le-deploiement-de-recall\/\" \/>\r\n<meta property=\"og:locale\" content=\"fr_FR\" \/>\r\n<meta property=\"og:type\" content=\"article\" \/>\r\n<meta property=\"og:title\" content=\"Microsoft retarde encore le d\u00e9ploiement de Recall\" \/>\r\n<meta property=\"og:description\" content=\"Microsoft retarde encore le d\u00e9ploiement de Recall Prestataire informatique Viroflay en r\u00e9gion parisienne depuis 2003 pour les PME\/PMI\" \/>\r\n<meta property=\"og:url\" content=\"https:\/\/ayrilys.com\/index.php\/microsoft-retarde-encore-le-deploiement-de-recall\/\" \/>\r\n<meta property=\"og:site_name\" content=\"Prestataire informatique Viroflay en r\u00e9gion parisienne depuis 2003 pour les PME\/PMI\" \/>\r\n<meta property=\"article:publisher\" content=\"https:\/\/www.facebook.com\/profile.php?id=61563219240658\" \/>\r\n<meta property=\"article:published_time\" content=\"2024-11-05T10:35:12+00:00\" \/>\r\n<meta property=\"article:modified_time\" content=\"2025-08-25T12:52:54+00:00\" \/>\r\n<meta property=\"og:image\" content=\"https:\/\/images.itnewsinfo.com\/lmi\/articles\/grande\/000000099571.png\" \/>\r\n<meta name=\"author\" content=\"admin\" \/>\r\n<meta name=\"twitter:card\" content=\"summary_large_image\" \/>\r\n<meta name=\"twitter:creator\" content=\"@Ayrilys165097\" \/>\r\n<meta name=\"twitter:site\" content=\"@Ayrilys165097\" \/>\r\n<meta name=\"twitter:label1\" content=\"\u00c9crit par\" \/>\n\t<meta name=\"twitter:data1\" content=\"admin\" \/>\n\t<meta name=\"twitter:label2\" content=\"Dur\u00e9e de lecture estim\u00e9e\" \/>\n\t<meta name=\"twitter:data2\" content=\"4 minutes\" \/>\r\n<script type=\"application\/ld+json\" class=\"yoast-schema-graph\">{\"@context\":\"https:\/\/schema.org\",\"@graph\":[{\"@type\":\"Article\",\"@id\":\"https:\/\/ayrilys.com\/index.php\/microsoft-retarde-encore-le-deploiement-de-recall\/#article\",\"isPartOf\":{\"@id\":\"https:\/\/ayrilys.com\/index.php\/microsoft-retarde-encore-le-deploiement-de-recall\/\"},\"author\":{\"name\":\"admin\",\"@id\":\"https:\/\/ayrilys.com\/#\/schema\/person\/a0005f5083786553a31b7393beac4f94\"},\"headline\":\"Microsoft retarde encore le d\u00e9ploiement de Recall\",\"datePublished\":\"2024-11-05T10:35:12+00:00\",\"dateModified\":\"2025-08-25T12:52:54+00:00\",\"mainEntityOfPage\":{\"@id\":\"https:\/\/ayrilys.com\/index.php\/microsoft-retarde-encore-le-deploiement-de-recall\/\"},\"wordCount\":606,\"commentCount\":0,\"publisher\":{\"@id\":\"https:\/\/ayrilys.com\/#organization\"},\"image\":{\"@id\":\"https:\/\/ayrilys.com\/index.php\/microsoft-retarde-encore-le-deploiement-de-recall\/#primaryimage\"},\"thumbnailUrl\":\"https:\/\/images.itnewsinfo.com\/lmi\/articles\/grande\/000000099571.png\",\"articleSection\":[\"Accueil\",\"Outils\"],\"inLanguage\":\"fr-FR\",\"potentialAction\":[{\"@type\":\"CommentAction\",\"name\":\"Comment\",\"target\":[\"https:\/\/ayrilys.com\/index.php\/microsoft-retarde-encore-le-deploiement-de-recall\/#respond\"]}]},{\"@type\":\"WebPage\",\"@id\":\"https:\/\/ayrilys.com\/index.php\/microsoft-retarde-encore-le-deploiement-de-recall\/\",\"url\":\"https:\/\/ayrilys.com\/index.php\/microsoft-retarde-encore-le-deploiement-de-recall\/\",\"name\":\"Microsoft Recall IA : Retard du d\u00e9ploiement de la fonction controvers\u00e9e Prestataire informatique Viroflay en r\u00e9gion parisienne depuis 2003 pour les PME\/PMI Accueil -\",\"isPartOf\":{\"@id\":\"https:\/\/ayrilys.com\/#website\"},\"primaryImageOfPage\":{\"@id\":\"https:\/\/ayrilys.com\/index.php\/microsoft-retarde-encore-le-deploiement-de-recall\/#primaryimage\"},\"image\":{\"@id\":\"https:\/\/ayrilys.com\/index.php\/microsoft-retarde-encore-le-deploiement-de-recall\/#primaryimage\"},\"thumbnailUrl\":\"https:\/\/images.itnewsinfo.com\/lmi\/articles\/grande\/000000099571.png\",\"datePublished\":\"2024-11-05T10:35:12+00:00\",\"dateModified\":\"2025-08-25T12:52:54+00:00\",\"description\":\"D\u00e9couvrez les d\u00e9tails de la fonction de rappel d'activit\u00e9s de Microsoft pour les PC Windows Copilot+. Retard\u00e9 une fois de plus, le d\u00e9ploiement suscite la controverse.\",\"breadcrumb\":{\"@id\":\"https:\/\/ayrilys.com\/index.php\/microsoft-retarde-encore-le-deploiement-de-recall\/#breadcrumb\"},\"inLanguage\":\"fr-FR\",\"potentialAction\":[{\"@type\":\"ReadAction\",\"target\":[\"https:\/\/ayrilys.com\/index.php\/microsoft-retarde-encore-le-deploiement-de-recall\/\"]}]},{\"@type\":\"ImageObject\",\"inLanguage\":\"fr-FR\",\"@id\":\"https:\/\/ayrilys.com\/index.php\/microsoft-retarde-encore-le-deploiement-de-recall\/#primaryimage\",\"url\":\"https:\/\/images.itnewsinfo.com\/lmi\/articles\/grande\/000000099571.png\",\"contentUrl\":\"https:\/\/images.itnewsinfo.com\/lmi\/articles\/grande\/000000099571.png\"},{\"@type\":\"BreadcrumbList\",\"@id\":\"https:\/\/ayrilys.com\/index.php\/microsoft-retarde-encore-le-deploiement-de-recall\/#breadcrumb\",\"itemListElement\":[{\"@type\":\"ListItem\",\"position\":1,\"name\":\"Accueil\",\"item\":\"https:\/\/ayrilys.com\/\"},{\"@type\":\"ListItem\",\"position\":2,\"name\":\"Microsoft retarde encore le d\u00e9ploiement de Recall\"}]},{\"@type\":\"WebSite\",\"@id\":\"https:\/\/ayrilys.com\/#website\",\"url\":\"https:\/\/ayrilys.com\/\",\"name\":\"Ayrilys prestataire informatique infog\u00e9rance PME TPE MSP depuis 2003 sur Viroflay\",\"description\":\"Prestataire informatique Viroflay en r\u00e9gion parisienne PME TPE  ile de France depuis plus de 20 ans\",\"publisher\":{\"@id\":\"https:\/\/ayrilys.com\/#organization\"},\"alternateName\":\"Ayriliys infog\u00e9rance fournisseur de services manag\u00e9s MSP PME TPE Viroflay\",\"potentialAction\":[{\"@type\":\"SearchAction\",\"target\":{\"@type\":\"EntryPoint\",\"urlTemplate\":\"https:\/\/ayrilys.com\/?s={search_term_string}\"},\"query-input\":{\"@type\":\"PropertyValueSpecification\",\"valueRequired\":true,\"valueName\":\"search_term_string\"}}],\"inLanguage\":\"fr-FR\"},{\"@type\":\"Organization\",\"@id\":\"https:\/\/ayrilys.com\/#organization\",\"name\":\"Ayrilys\",\"url\":\"https:\/\/ayrilys.com\/\",\"logo\":{\"@type\":\"ImageObject\",\"inLanguage\":\"fr-FR\",\"@id\":\"https:\/\/ayrilys.com\/#\/schema\/logo\/image\/\",\"url\":\"https:\/\/ayrilys.com\/wp-content\/uploads\/2024\/07\/Ayrilys-Logo-V1.png\",\"contentUrl\":\"https:\/\/ayrilys.com\/wp-content\/uploads\/2024\/07\/Ayrilys-Logo-V1.png\",\"width\":119,\"height\":64,\"caption\":\"Ayrilys\"},\"image\":{\"@id\":\"https:\/\/ayrilys.com\/#\/schema\/logo\/image\/\"},\"sameAs\":[\"https:\/\/www.facebook.com\/profile.php?id=61563219240658\",\"https:\/\/x.com\/Ayrilys165097\"],\"description\":\"Prestataire informatique depuis plus de 20 ans pour les PME et TPE\",\"email\":\"ayrilys@ayrilys.com\",\"telephone\":\"+33139242197\",\"legalName\":\"Ayrilys\",\"foundingDate\":\"2003-01-01\",\"vatID\":\"FR90449159011\",\"taxID\":\"44915901100013\",\"numberOfEmployees\":{\"@type\":\"QuantitativeValue\",\"minValue\":\"1\",\"maxValue\":\"10\"}},{\"@type\":\"Person\",\"@id\":\"https:\/\/ayrilys.com\/#\/schema\/person\/a0005f5083786553a31b7393beac4f94\",\"name\":\"admin\",\"image\":{\"@type\":\"ImageObject\",\"inLanguage\":\"fr-FR\",\"@id\":\"https:\/\/ayrilys.com\/#\/schema\/person\/image\/\",\"url\":\"https:\/\/secure.gravatar.com\/avatar\/673394efbb9f6f675f3aa2444209d504?s=96&d=mm&r=g\",\"contentUrl\":\"https:\/\/secure.gravatar.com\/avatar\/673394efbb9f6f675f3aa2444209d504?s=96&d=mm&r=g\",\"caption\":\"admin\"},\"sameAs\":[\"http:\/\/ayrilys.com\"],\"url\":\"https:\/\/ayrilys.com\/index.php\/author\/admin\/\"}]}<\/script>\r\n<!-- \/ Yoast SEO Premium plugin. -->","yoast_head_json":{"title":"Microsoft Recall IA : Retard du d\u00e9ploiement de la fonction controvers\u00e9e Prestataire informatique Viroflay en r\u00e9gion parisienne depuis 2003 pour les PME\/PMI Accueil -","description":"D\u00e9couvrez les d\u00e9tails de la fonction de rappel d'activit\u00e9s de Microsoft pour les PC Windows Copilot+. Retard\u00e9 une fois de plus, le d\u00e9ploiement suscite la controverse.","robots":{"index":"index","follow":"follow","max-snippet":"max-snippet:-1","max-image-preview":"max-image-preview:large","max-video-preview":"max-video-preview:-1"},"canonical":"https:\/\/ayrilys.com\/index.php\/microsoft-retarde-encore-le-deploiement-de-recall\/","og_locale":"fr_FR","og_type":"article","og_title":"Microsoft retarde encore le d\u00e9ploiement de Recall","og_description":"Microsoft retarde encore le d\u00e9ploiement de Recall Prestataire informatique Viroflay en r\u00e9gion parisienne depuis 2003 pour les PME\/PMI","og_url":"https:\/\/ayrilys.com\/index.php\/microsoft-retarde-encore-le-deploiement-de-recall\/","og_site_name":"Prestataire informatique Viroflay en r\u00e9gion parisienne depuis 2003 pour les PME\/PMI","article_publisher":"https:\/\/www.facebook.com\/profile.php?id=61563219240658","article_published_time":"2024-11-05T10:35:12+00:00","article_modified_time":"2025-08-25T12:52:54+00:00","og_image":[{"url":"https:\/\/images.itnewsinfo.com\/lmi\/articles\/grande\/000000099571.png","type":"","width":"","height":""}],"author":"admin","twitter_card":"summary_large_image","twitter_creator":"@Ayrilys165097","twitter_site":"@Ayrilys165097","twitter_misc":{"\u00c9crit par":"admin","Dur\u00e9e de lecture estim\u00e9e":"4 minutes"},"schema":{"@context":"https:\/\/schema.org","@graph":[{"@type":"Article","@id":"https:\/\/ayrilys.com\/index.php\/microsoft-retarde-encore-le-deploiement-de-recall\/#article","isPartOf":{"@id":"https:\/\/ayrilys.com\/index.php\/microsoft-retarde-encore-le-deploiement-de-recall\/"},"author":{"name":"admin","@id":"https:\/\/ayrilys.com\/#\/schema\/person\/a0005f5083786553a31b7393beac4f94"},"headline":"Microsoft retarde encore le d\u00e9ploiement de Recall","datePublished":"2024-11-05T10:35:12+00:00","dateModified":"2025-08-25T12:52:54+00:00","mainEntityOfPage":{"@id":"https:\/\/ayrilys.com\/index.php\/microsoft-retarde-encore-le-deploiement-de-recall\/"},"wordCount":606,"commentCount":0,"publisher":{"@id":"https:\/\/ayrilys.com\/#organization"},"image":{"@id":"https:\/\/ayrilys.com\/index.php\/microsoft-retarde-encore-le-deploiement-de-recall\/#primaryimage"},"thumbnailUrl":"https:\/\/images.itnewsinfo.com\/lmi\/articles\/grande\/000000099571.png","articleSection":["Accueil","Outils"],"inLanguage":"fr-FR","potentialAction":[{"@type":"CommentAction","name":"Comment","target":["https:\/\/ayrilys.com\/index.php\/microsoft-retarde-encore-le-deploiement-de-recall\/#respond"]}]},{"@type":"WebPage","@id":"https:\/\/ayrilys.com\/index.php\/microsoft-retarde-encore-le-deploiement-de-recall\/","url":"https:\/\/ayrilys.com\/index.php\/microsoft-retarde-encore-le-deploiement-de-recall\/","name":"Microsoft Recall IA : Retard du d\u00e9ploiement de la fonction controvers\u00e9e Prestataire informatique Viroflay en r\u00e9gion parisienne depuis 2003 pour les PME\/PMI Accueil -","isPartOf":{"@id":"https:\/\/ayrilys.com\/#website"},"primaryImageOfPage":{"@id":"https:\/\/ayrilys.com\/index.php\/microsoft-retarde-encore-le-deploiement-de-recall\/#primaryimage"},"image":{"@id":"https:\/\/ayrilys.com\/index.php\/microsoft-retarde-encore-le-deploiement-de-recall\/#primaryimage"},"thumbnailUrl":"https:\/\/images.itnewsinfo.com\/lmi\/articles\/grande\/000000099571.png","datePublished":"2024-11-05T10:35:12+00:00","dateModified":"2025-08-25T12:52:54+00:00","description":"D\u00e9couvrez les d\u00e9tails de la fonction de rappel d'activit\u00e9s de Microsoft pour les PC Windows Copilot+. Retard\u00e9 une fois de plus, le d\u00e9ploiement suscite la controverse.","breadcrumb":{"@id":"https:\/\/ayrilys.com\/index.php\/microsoft-retarde-encore-le-deploiement-de-recall\/#breadcrumb"},"inLanguage":"fr-FR","potentialAction":[{"@type":"ReadAction","target":["https:\/\/ayrilys.com\/index.php\/microsoft-retarde-encore-le-deploiement-de-recall\/"]}]},{"@type":"ImageObject","inLanguage":"fr-FR","@id":"https:\/\/ayrilys.com\/index.php\/microsoft-retarde-encore-le-deploiement-de-recall\/#primaryimage","url":"https:\/\/images.itnewsinfo.com\/lmi\/articles\/grande\/000000099571.png","contentUrl":"https:\/\/images.itnewsinfo.com\/lmi\/articles\/grande\/000000099571.png"},{"@type":"BreadcrumbList","@id":"https:\/\/ayrilys.com\/index.php\/microsoft-retarde-encore-le-deploiement-de-recall\/#breadcrumb","itemListElement":[{"@type":"ListItem","position":1,"name":"Accueil","item":"https:\/\/ayrilys.com\/"},{"@type":"ListItem","position":2,"name":"Microsoft retarde encore le d\u00e9ploiement de Recall"}]},{"@type":"WebSite","@id":"https:\/\/ayrilys.com\/#website","url":"https:\/\/ayrilys.com\/","name":"Ayrilys prestataire informatique infog\u00e9rance PME TPE MSP depuis 2003 sur Viroflay","description":"Prestataire informatique Viroflay en r\u00e9gion parisienne PME TPE  ile de France depuis plus de 20 ans","publisher":{"@id":"https:\/\/ayrilys.com\/#organization"},"alternateName":"Ayriliys infog\u00e9rance fournisseur de services manag\u00e9s MSP PME TPE Viroflay","potentialAction":[{"@type":"SearchAction","target":{"@type":"EntryPoint","urlTemplate":"https:\/\/ayrilys.com\/?s={search_term_string}"},"query-input":{"@type":"PropertyValueSpecification","valueRequired":true,"valueName":"search_term_string"}}],"inLanguage":"fr-FR"},{"@type":"Organization","@id":"https:\/\/ayrilys.com\/#organization","name":"Ayrilys","url":"https:\/\/ayrilys.com\/","logo":{"@type":"ImageObject","inLanguage":"fr-FR","@id":"https:\/\/ayrilys.com\/#\/schema\/logo\/image\/","url":"https:\/\/ayrilys.com\/wp-content\/uploads\/2024\/07\/Ayrilys-Logo-V1.png","contentUrl":"https:\/\/ayrilys.com\/wp-content\/uploads\/2024\/07\/Ayrilys-Logo-V1.png","width":119,"height":64,"caption":"Ayrilys"},"image":{"@id":"https:\/\/ayrilys.com\/#\/schema\/logo\/image\/"},"sameAs":["https:\/\/www.facebook.com\/profile.php?id=61563219240658","https:\/\/x.com\/Ayrilys165097"],"description":"Prestataire informatique depuis plus de 20 ans pour les PME et TPE","email":"ayrilys@ayrilys.com","telephone":"+33139242197","legalName":"Ayrilys","foundingDate":"2003-01-01","vatID":"FR90449159011","taxID":"44915901100013","numberOfEmployees":{"@type":"QuantitativeValue","minValue":"1","maxValue":"10"}},{"@type":"Person","@id":"https:\/\/ayrilys.com\/#\/schema\/person\/a0005f5083786553a31b7393beac4f94","name":"admin","image":{"@type":"ImageObject","inLanguage":"fr-FR","@id":"https:\/\/ayrilys.com\/#\/schema\/person\/image\/","url":"https:\/\/secure.gravatar.com\/avatar\/673394efbb9f6f675f3aa2444209d504?s=96&d=mm&r=g","contentUrl":"https:\/\/secure.gravatar.com\/avatar\/673394efbb9f6f675f3aa2444209d504?s=96&d=mm&r=g","caption":"admin"},"sameAs":["http:\/\/ayrilys.com"],"url":"https:\/\/ayrilys.com\/index.php\/author\/admin\/"}]}},"jetpack_publicize_connections":[],"jetpack_featured_media_url":"","jetpack_sharing_enabled":true,"jetpack_likes_enabled":true,"jetpack-related-posts":[],"_links":{"self":[{"href":"https:\/\/ayrilys.com\/index.php\/wp-json\/wp\/v2\/posts\/1230","targetHints":{"allow":["GET"]}}],"collection":[{"href":"https:\/\/ayrilys.com\/index.php\/wp-json\/wp\/v2\/posts"}],"about":[{"href":"https:\/\/ayrilys.com\/index.php\/wp-json\/wp\/v2\/types\/post"}],"author":[{"embeddable":true,"href":"https:\/\/ayrilys.com\/index.php\/wp-json\/wp\/v2\/users\/1"}],"replies":[{"embeddable":true,"href":"https:\/\/ayrilys.com\/index.php\/wp-json\/wp\/v2\/comments?post=1230"}],"version-history":[{"count":1,"href":"https:\/\/ayrilys.com\/index.php\/wp-json\/wp\/v2\/posts\/1230\/revisions"}],"predecessor-version":[{"id":1232,"href":"https:\/\/ayrilys.com\/index.php\/wp-json\/wp\/v2\/posts\/1230\/revisions\/1232"}],"wp:attachment":[{"href":"https:\/\/ayrilys.com\/index.php\/wp-json\/wp\/v2\/media?parent=1230"}],"wp:term":[{"taxonomy":"category","embeddable":true,"href":"https:\/\/ayrilys.com\/index.php\/wp-json\/wp\/v2\/categories?post=1230"},{"taxonomy":"post_tag","embeddable":true,"href":"https:\/\/ayrilys.com\/index.php\/wp-json\/wp\/v2\/tags?post=1230"}],"curies":[{"name":"wp","href":"https:\/\/api.w.org\/{rel}","templated":true}]}}