{"id":586,"date":"2024-08-09T18:07:59","date_gmt":"2024-08-09T16:07:59","guid":{"rendered":"https:\/\/ayrilys.com\/?p=586"},"modified":"2024-08-09T18:08:04","modified_gmt":"2024-08-09T16:08:04","slug":"une-faille-vieille-de-18-ans-dans-chrome-safari-et-firefox","status":"publish","type":"post","link":"https:\/\/ayrilys.com\/index.php\/une-faille-vieille-de-18-ans-dans-chrome-safari-et-firefox\/","title":{"rendered":"Une faille vieille de  18 ans  dans Chrome, Safari et Firefox"},"content":{"rendered":"\n<p>Selon la presse am\u00e9ricaine, Apple et Google s&rsquo;appr\u00eatent \u00e0 corriger une faille de s\u00e9curit\u00e9 pr\u00e9sente depuis pr\u00e8s de 20 ans dans leur navigateur. Un chercheur doit pr\u00e9senter cette vuln\u00e9rabilit\u00e9 lors de la Def Con \u00e0 Las Vegas.<\/p>\n\n\n\n<figure class=\"wp-block-image\"><img decoding=\"async\" src=\"https:\/\/images.itnewsinfo.com\/lmi\/articles\/grande\/000000098417.png\" alt=\"Le navigateur Chrome est vuln\u00e9rable \u00e0 une faille \u00e2g\u00e9e de 18 ans. (Cr\u00e9dit Photo: Simon\/Pixabay)\" title=\"Le navigateur Chrome est vuln\u00e9rable \u00e0 une faille \u00e2g\u00e9e de 18 ans. (Cr\u00e9dit Photo: Simon\/Pixabay)\"\/><figcaption class=\"wp-element-caption\">Le navigateur Chrome est vuln\u00e9rable \u00e0 une faille \u00e2g\u00e9e de 18 ans. (Cr\u00e9dit Photo: Simon\/Pixabay)<\/figcaption><\/figure>\n\n\n\n<p>R\u00e9guli\u00e8rement de vieilles failles sont d\u00e9nich\u00e9es par des chercheurs. Celle trouv\u00e9e par un expert de l\u2019entreprise de cybers\u00e9curit\u00e9 Oglio est originale par sa long\u00e9vit\u00e9, 18 ans (les derni\u00e8res traces du bug datent de 2006). Il va pr\u00e9senter sa trouvaille&nbsp;<a href=\"https:\/\/www.appsecvillage.com\/events\/dc-2024\/0-0-0-0-day-exploiting-localhost-apis-from-the-browser-697724\">\u00e0 l\u2019occasion de la Def Con de Las Vegas<\/a>. La faille touche les navigateurs Safari d\u2019Apple, Chrome de&nbsp;<a href=\"https:\/\/www.lemondeinformatique.fr\/toute-l-actualite-marque-sur-google-21.html\">Google<\/a>&nbsp;et Firefox de Mozilla.<\/p>\n\n\n\n<p>Elle concerne une adresse IP qui a une fonction particuli\u00e8re. Les terminaux connect\u00e9s \u00e0 Internet utilisent des adresses IP pour l&rsquo;identification des terminaux et de leur emplacement, et l&rsquo;adresse IP 0.0.0.0 est utilis\u00e9e dans des circonstances sp\u00e9cifiques&nbsp;: elle sert g\u00e9n\u00e9ralement d&rsquo;adresse de remplacement le temps que l\u2019adresse IP r\u00e9elle soit disponible.<\/p>\n\n\n\n<h2 class=\"wp-block-heading\"><strong>Apple et Google en mode correctif, Mozilla en mode r\u00e9flexion<\/strong><\/h2>\n\n\n\n<p>Le sp\u00e9cialiste d\u2019Oglio a d\u00e9couvert que des cybercriminels exploitent le traitement par Safari, Chrome et Firefox des requ\u00eates \u00e0 une adresse IP 0.0.0.0. Selon Forbes qui s\u2019est fait l\u2019\u00e9cho de ce bug, les navigateurs envoient les requ\u00eates \u00ab&nbsp;\u00e0 d&rsquo;autres adresses IP, y compris &lsquo;localhost&rsquo;, un serveur sur un r\u00e9seau ou un ordinateur g\u00e9n\u00e9ralement priv\u00e9 et souvent utilis\u00e9 pour tester du code en cours de d\u00e9veloppement&nbsp;\u00bb. Un cybercriminel peut envoyer une requ\u00eate \u00e0 cette adresse pour obtenir des donn\u00e9es priv\u00e9es.<\/p>\n\n\n\n<p>Apple a rapidement pris les devants en indiquant au quotidien am\u00e9ricain que Safari dans macOS Sequoia bloquera tout site web tentant de contacter l&rsquo;adresse IP 0.0.0.0. Le correctif \u00e9tant bas\u00e9 sur Safari et non sur le syst\u00e8me d&rsquo;exploitation, il sera inclus dans Safari 18 lorsqu&rsquo;il sera disponible pour les anciennes versions de macOS, dont Sonoma et Ventura. Google a publi\u00e9&nbsp;<a href=\"https:\/\/chromestatus.com\/feature\/5106143060033536\">un billet de blog<\/a>&nbsp;expliquant qu\u2019elle fera la m\u00eame chose avec Chrome. Par contre Mozilla ne pr\u00e9voit pas de bloquer les requ\u00eates 0.0.0.0 dans son navigateur Mozilla, mais l&rsquo;entreprise \u00e9tudie la question, souligne Forbes.<\/p>\n","protected":false},"excerpt":{"rendered":"<p>Selon la presse am\u00e9ricaine, Apple et Google s&rsquo;appr\u00eatent \u00e0 corriger une faille de s\u00e9curit\u00e9 pr\u00e9sente depuis pr\u00e8s de 20 ans dans leur navigateur. Un chercheur doit pr\u00e9senter cette vuln\u00e9rabilit\u00e9 lors de la Def Con \u00e0 Las Vegas. R\u00e9guli\u00e8rement de vieilles failles sont d\u00e9nich\u00e9es par des chercheurs. Celle trouv\u00e9e par un expert de l\u2019entreprise de cybers\u00e9curit\u00e9&#8230;<\/p>\n","protected":false},"author":1,"featured_media":0,"comment_status":"open","ping_status":"open","sticky":false,"template":"","format":"standard","meta":{"_kadence_starter_templates_imported_post":false,"_kad_post_transparent":"","_kad_post_title":"hide","_kad_post_layout":"","_kad_post_sidebar_id":"","_kad_post_content_style":"","_kad_post_vertical_padding":"","_kad_post_feature":"","_kad_post_feature_position":"","_kad_post_header":false,"_kad_post_footer":false,"_kad_post_classname":"","footnotes":"","jetpack_publicize_message":"","jetpack_publicize_feature_enabled":true,"jetpack_social_post_already_shared":false,"jetpack_social_options":{"image_generator_settings":{"template":"fullscreen","default_image_id":0,"font":"","enabled":false},"version":2}},"categories":[22],"tags":[],"class_list":["post-586","post","type-post","status-publish","format-standard","hentry","category-securite-informatique"],"yoast_head":"<!-- This site is optimized with the Yoast SEO Premium plugin v25.8 (Yoast SEO v26.0) - https:\/\/yoast.com\/wordpress\/plugins\/seo\/ -->\r\n<title>Une faille vieille de 18 ans dans Chrome, Safari et Firefox Prestataire informatique Viroflay en r\u00e9gion parisienne depuis 2003 pour les PME\/PMI S\u00e9curit\u00e9 informatique -<\/title>\r\n<meta name=\"description\" content=\"Une faille vieille de 18 ans dans Chrome, Safari et Firefox Prestataire informatique Viroflay en r\u00e9gion parisienne depuis 2003 pour les PME\/PMI S\u00e9curit\u00e9 informatique -\" \/>\r\n<meta name=\"robots\" content=\"index, follow, max-snippet:-1, max-image-preview:large, max-video-preview:-1\" \/>\r\n<link rel=\"canonical\" href=\"https:\/\/ayrilys.com\/index.php\/une-faille-vieille-de-18-ans-dans-chrome-safari-et-firefox\/\" \/>\r\n<meta property=\"og:locale\" content=\"fr_FR\" \/>\r\n<meta property=\"og:type\" content=\"article\" \/>\r\n<meta property=\"og:title\" content=\"Une faille vieille de 18 ans dans Chrome, Safari et Firefox\" \/>\r\n<meta property=\"og:description\" content=\"Une faille vieille de 18 ans dans Chrome, Safari et Firefox Prestataire informatique Viroflay en r\u00e9gion parisienne depuis 2003 pour les PME\/PMI\" \/>\r\n<meta property=\"og:url\" content=\"https:\/\/ayrilys.com\/index.php\/une-faille-vieille-de-18-ans-dans-chrome-safari-et-firefox\/\" \/>\r\n<meta property=\"og:site_name\" content=\"Prestataire informatique Viroflay en r\u00e9gion parisienne depuis 2003 pour les PME\/PMI\" \/>\r\n<meta property=\"article:publisher\" content=\"https:\/\/www.facebook.com\/profile.php?id=61563219240658\" \/>\r\n<meta property=\"article:published_time\" content=\"2024-08-09T16:07:59+00:00\" \/>\r\n<meta property=\"article:modified_time\" content=\"2024-08-09T16:08:04+00:00\" \/>\r\n<meta property=\"og:image\" content=\"https:\/\/images.itnewsinfo.com\/lmi\/articles\/grande\/000000098417.png\" \/>\r\n<meta name=\"author\" content=\"admin\" \/>\r\n<meta name=\"twitter:card\" content=\"summary_large_image\" \/>\r\n<meta name=\"twitter:creator\" content=\"@Ayrilys165097\" \/>\r\n<meta name=\"twitter:site\" content=\"@Ayrilys165097\" \/>\r\n<meta name=\"twitter:label1\" content=\"\u00c9crit par\" \/>\n\t<meta name=\"twitter:data1\" content=\"admin\" \/>\n\t<meta name=\"twitter:label2\" content=\"Dur\u00e9e de lecture estim\u00e9e\" \/>\n\t<meta name=\"twitter:data2\" content=\"2 minutes\" \/>\r\n<script type=\"application\/ld+json\" class=\"yoast-schema-graph\">{\"@context\":\"https:\/\/schema.org\",\"@graph\":[{\"@type\":\"Article\",\"@id\":\"https:\/\/ayrilys.com\/index.php\/une-faille-vieille-de-18-ans-dans-chrome-safari-et-firefox\/#article\",\"isPartOf\":{\"@id\":\"https:\/\/ayrilys.com\/index.php\/une-faille-vieille-de-18-ans-dans-chrome-safari-et-firefox\/\"},\"author\":{\"name\":\"admin\",\"@id\":\"https:\/\/ayrilys.com\/#\/schema\/person\/a0005f5083786553a31b7393beac4f94\"},\"headline\":\"Une faille vieille de 18 ans dans Chrome, Safari et Firefox\",\"datePublished\":\"2024-08-09T16:07:59+00:00\",\"dateModified\":\"2024-08-09T16:08:04+00:00\",\"mainEntityOfPage\":{\"@id\":\"https:\/\/ayrilys.com\/index.php\/une-faille-vieille-de-18-ans-dans-chrome-safari-et-firefox\/\"},\"wordCount\":410,\"commentCount\":0,\"publisher\":{\"@id\":\"https:\/\/ayrilys.com\/#organization\"},\"image\":{\"@id\":\"https:\/\/ayrilys.com\/index.php\/une-faille-vieille-de-18-ans-dans-chrome-safari-et-firefox\/#primaryimage\"},\"thumbnailUrl\":\"https:\/\/images.itnewsinfo.com\/lmi\/articles\/grande\/000000098417.png\",\"articleSection\":[\"S\u00e9curit\u00e9 informatique\"],\"inLanguage\":\"fr-FR\",\"potentialAction\":[{\"@type\":\"CommentAction\",\"name\":\"Comment\",\"target\":[\"https:\/\/ayrilys.com\/index.php\/une-faille-vieille-de-18-ans-dans-chrome-safari-et-firefox\/#respond\"]}]},{\"@type\":\"WebPage\",\"@id\":\"https:\/\/ayrilys.com\/index.php\/une-faille-vieille-de-18-ans-dans-chrome-safari-et-firefox\/\",\"url\":\"https:\/\/ayrilys.com\/index.php\/une-faille-vieille-de-18-ans-dans-chrome-safari-et-firefox\/\",\"name\":\"Une faille vieille de 18 ans dans Chrome, Safari et Firefox Prestataire informatique Viroflay en r\u00e9gion parisienne depuis 2003 pour les PME\/PMI S\u00e9curit\u00e9 informatique -\",\"isPartOf\":{\"@id\":\"https:\/\/ayrilys.com\/#website\"},\"primaryImageOfPage\":{\"@id\":\"https:\/\/ayrilys.com\/index.php\/une-faille-vieille-de-18-ans-dans-chrome-safari-et-firefox\/#primaryimage\"},\"image\":{\"@id\":\"https:\/\/ayrilys.com\/index.php\/une-faille-vieille-de-18-ans-dans-chrome-safari-et-firefox\/#primaryimage\"},\"thumbnailUrl\":\"https:\/\/images.itnewsinfo.com\/lmi\/articles\/grande\/000000098417.png\",\"datePublished\":\"2024-08-09T16:07:59+00:00\",\"dateModified\":\"2024-08-09T16:08:04+00:00\",\"description\":\"Une faille vieille de 18 ans dans Chrome, Safari et Firefox Prestataire informatique Viroflay en r\u00e9gion parisienne depuis 2003 pour les PME\/PMI S\u00e9curit\u00e9 informatique -\",\"breadcrumb\":{\"@id\":\"https:\/\/ayrilys.com\/index.php\/une-faille-vieille-de-18-ans-dans-chrome-safari-et-firefox\/#breadcrumb\"},\"inLanguage\":\"fr-FR\",\"potentialAction\":[{\"@type\":\"ReadAction\",\"target\":[\"https:\/\/ayrilys.com\/index.php\/une-faille-vieille-de-18-ans-dans-chrome-safari-et-firefox\/\"]}]},{\"@type\":\"ImageObject\",\"inLanguage\":\"fr-FR\",\"@id\":\"https:\/\/ayrilys.com\/index.php\/une-faille-vieille-de-18-ans-dans-chrome-safari-et-firefox\/#primaryimage\",\"url\":\"https:\/\/images.itnewsinfo.com\/lmi\/articles\/grande\/000000098417.png\",\"contentUrl\":\"https:\/\/images.itnewsinfo.com\/lmi\/articles\/grande\/000000098417.png\"},{\"@type\":\"BreadcrumbList\",\"@id\":\"https:\/\/ayrilys.com\/index.php\/une-faille-vieille-de-18-ans-dans-chrome-safari-et-firefox\/#breadcrumb\",\"itemListElement\":[{\"@type\":\"ListItem\",\"position\":1,\"name\":\"Accueil\",\"item\":\"https:\/\/ayrilys.com\/\"},{\"@type\":\"ListItem\",\"position\":2,\"name\":\"Une faille vieille de 18 ans dans Chrome, Safari et Firefox\"}]},{\"@type\":\"WebSite\",\"@id\":\"https:\/\/ayrilys.com\/#website\",\"url\":\"https:\/\/ayrilys.com\/\",\"name\":\"Ayrilys prestataire informatique infog\u00e9rance PME TPE MSP depuis 2003 sur Viroflay\",\"description\":\"Prestataire informatique Viroflay en r\u00e9gion parisienne PME TPE  ile de France depuis plus de 20 ans\",\"publisher\":{\"@id\":\"https:\/\/ayrilys.com\/#organization\"},\"alternateName\":\"Ayriliys infog\u00e9rance fournisseur de services manag\u00e9s MSP PME TPE Viroflay\",\"potentialAction\":[{\"@type\":\"SearchAction\",\"target\":{\"@type\":\"EntryPoint\",\"urlTemplate\":\"https:\/\/ayrilys.com\/?s={search_term_string}\"},\"query-input\":{\"@type\":\"PropertyValueSpecification\",\"valueRequired\":true,\"valueName\":\"search_term_string\"}}],\"inLanguage\":\"fr-FR\"},{\"@type\":\"Organization\",\"@id\":\"https:\/\/ayrilys.com\/#organization\",\"name\":\"Ayrilys\",\"url\":\"https:\/\/ayrilys.com\/\",\"logo\":{\"@type\":\"ImageObject\",\"inLanguage\":\"fr-FR\",\"@id\":\"https:\/\/ayrilys.com\/#\/schema\/logo\/image\/\",\"url\":\"https:\/\/ayrilys.com\/wp-content\/uploads\/2024\/07\/Ayrilys-Logo-V1.png\",\"contentUrl\":\"https:\/\/ayrilys.com\/wp-content\/uploads\/2024\/07\/Ayrilys-Logo-V1.png\",\"width\":119,\"height\":64,\"caption\":\"Ayrilys\"},\"image\":{\"@id\":\"https:\/\/ayrilys.com\/#\/schema\/logo\/image\/\"},\"sameAs\":[\"https:\/\/www.facebook.com\/profile.php?id=61563219240658\",\"https:\/\/x.com\/Ayrilys165097\"],\"description\":\"Prestataire informatique depuis plus de 20 ans pour les PME et TPE\",\"email\":\"ayrilys@ayrilys.com\",\"telephone\":\"+33139242197\",\"legalName\":\"Ayrilys\",\"foundingDate\":\"2003-01-01\",\"vatID\":\"FR90449159011\",\"taxID\":\"44915901100013\",\"numberOfEmployees\":{\"@type\":\"QuantitativeValue\",\"minValue\":\"1\",\"maxValue\":\"10\"}},{\"@type\":\"Person\",\"@id\":\"https:\/\/ayrilys.com\/#\/schema\/person\/a0005f5083786553a31b7393beac4f94\",\"name\":\"admin\",\"image\":{\"@type\":\"ImageObject\",\"inLanguage\":\"fr-FR\",\"@id\":\"https:\/\/ayrilys.com\/#\/schema\/person\/image\/\",\"url\":\"https:\/\/secure.gravatar.com\/avatar\/673394efbb9f6f675f3aa2444209d504?s=96&d=mm&r=g\",\"contentUrl\":\"https:\/\/secure.gravatar.com\/avatar\/673394efbb9f6f675f3aa2444209d504?s=96&d=mm&r=g\",\"caption\":\"admin\"},\"sameAs\":[\"http:\/\/ayrilys.com\"],\"url\":\"https:\/\/ayrilys.com\/index.php\/author\/admin\/\"}]}<\/script>\r\n<!-- \/ Yoast SEO Premium plugin. -->","yoast_head_json":{"title":"Une faille vieille de 18 ans dans Chrome, Safari et Firefox Prestataire informatique Viroflay en r\u00e9gion parisienne depuis 2003 pour les PME\/PMI S\u00e9curit\u00e9 informatique -","description":"Une faille vieille de 18 ans dans Chrome, Safari et Firefox Prestataire informatique Viroflay en r\u00e9gion parisienne depuis 2003 pour les PME\/PMI S\u00e9curit\u00e9 informatique -","robots":{"index":"index","follow":"follow","max-snippet":"max-snippet:-1","max-image-preview":"max-image-preview:large","max-video-preview":"max-video-preview:-1"},"canonical":"https:\/\/ayrilys.com\/index.php\/une-faille-vieille-de-18-ans-dans-chrome-safari-et-firefox\/","og_locale":"fr_FR","og_type":"article","og_title":"Une faille vieille de 18 ans dans Chrome, Safari et Firefox","og_description":"Une faille vieille de 18 ans dans Chrome, Safari et Firefox Prestataire informatique Viroflay en r\u00e9gion parisienne depuis 2003 pour les PME\/PMI","og_url":"https:\/\/ayrilys.com\/index.php\/une-faille-vieille-de-18-ans-dans-chrome-safari-et-firefox\/","og_site_name":"Prestataire informatique Viroflay en r\u00e9gion parisienne depuis 2003 pour les PME\/PMI","article_publisher":"https:\/\/www.facebook.com\/profile.php?id=61563219240658","article_published_time":"2024-08-09T16:07:59+00:00","article_modified_time":"2024-08-09T16:08:04+00:00","og_image":[{"url":"https:\/\/images.itnewsinfo.com\/lmi\/articles\/grande\/000000098417.png","type":"","width":"","height":""}],"author":"admin","twitter_card":"summary_large_image","twitter_creator":"@Ayrilys165097","twitter_site":"@Ayrilys165097","twitter_misc":{"\u00c9crit par":"admin","Dur\u00e9e de lecture estim\u00e9e":"2 minutes"},"schema":{"@context":"https:\/\/schema.org","@graph":[{"@type":"Article","@id":"https:\/\/ayrilys.com\/index.php\/une-faille-vieille-de-18-ans-dans-chrome-safari-et-firefox\/#article","isPartOf":{"@id":"https:\/\/ayrilys.com\/index.php\/une-faille-vieille-de-18-ans-dans-chrome-safari-et-firefox\/"},"author":{"name":"admin","@id":"https:\/\/ayrilys.com\/#\/schema\/person\/a0005f5083786553a31b7393beac4f94"},"headline":"Une faille vieille de 18 ans dans Chrome, Safari et Firefox","datePublished":"2024-08-09T16:07:59+00:00","dateModified":"2024-08-09T16:08:04+00:00","mainEntityOfPage":{"@id":"https:\/\/ayrilys.com\/index.php\/une-faille-vieille-de-18-ans-dans-chrome-safari-et-firefox\/"},"wordCount":410,"commentCount":0,"publisher":{"@id":"https:\/\/ayrilys.com\/#organization"},"image":{"@id":"https:\/\/ayrilys.com\/index.php\/une-faille-vieille-de-18-ans-dans-chrome-safari-et-firefox\/#primaryimage"},"thumbnailUrl":"https:\/\/images.itnewsinfo.com\/lmi\/articles\/grande\/000000098417.png","articleSection":["S\u00e9curit\u00e9 informatique"],"inLanguage":"fr-FR","potentialAction":[{"@type":"CommentAction","name":"Comment","target":["https:\/\/ayrilys.com\/index.php\/une-faille-vieille-de-18-ans-dans-chrome-safari-et-firefox\/#respond"]}]},{"@type":"WebPage","@id":"https:\/\/ayrilys.com\/index.php\/une-faille-vieille-de-18-ans-dans-chrome-safari-et-firefox\/","url":"https:\/\/ayrilys.com\/index.php\/une-faille-vieille-de-18-ans-dans-chrome-safari-et-firefox\/","name":"Une faille vieille de 18 ans dans Chrome, Safari et Firefox Prestataire informatique Viroflay en r\u00e9gion parisienne depuis 2003 pour les PME\/PMI S\u00e9curit\u00e9 informatique -","isPartOf":{"@id":"https:\/\/ayrilys.com\/#website"},"primaryImageOfPage":{"@id":"https:\/\/ayrilys.com\/index.php\/une-faille-vieille-de-18-ans-dans-chrome-safari-et-firefox\/#primaryimage"},"image":{"@id":"https:\/\/ayrilys.com\/index.php\/une-faille-vieille-de-18-ans-dans-chrome-safari-et-firefox\/#primaryimage"},"thumbnailUrl":"https:\/\/images.itnewsinfo.com\/lmi\/articles\/grande\/000000098417.png","datePublished":"2024-08-09T16:07:59+00:00","dateModified":"2024-08-09T16:08:04+00:00","description":"Une faille vieille de 18 ans dans Chrome, Safari et Firefox Prestataire informatique Viroflay en r\u00e9gion parisienne depuis 2003 pour les PME\/PMI S\u00e9curit\u00e9 informatique -","breadcrumb":{"@id":"https:\/\/ayrilys.com\/index.php\/une-faille-vieille-de-18-ans-dans-chrome-safari-et-firefox\/#breadcrumb"},"inLanguage":"fr-FR","potentialAction":[{"@type":"ReadAction","target":["https:\/\/ayrilys.com\/index.php\/une-faille-vieille-de-18-ans-dans-chrome-safari-et-firefox\/"]}]},{"@type":"ImageObject","inLanguage":"fr-FR","@id":"https:\/\/ayrilys.com\/index.php\/une-faille-vieille-de-18-ans-dans-chrome-safari-et-firefox\/#primaryimage","url":"https:\/\/images.itnewsinfo.com\/lmi\/articles\/grande\/000000098417.png","contentUrl":"https:\/\/images.itnewsinfo.com\/lmi\/articles\/grande\/000000098417.png"},{"@type":"BreadcrumbList","@id":"https:\/\/ayrilys.com\/index.php\/une-faille-vieille-de-18-ans-dans-chrome-safari-et-firefox\/#breadcrumb","itemListElement":[{"@type":"ListItem","position":1,"name":"Accueil","item":"https:\/\/ayrilys.com\/"},{"@type":"ListItem","position":2,"name":"Une faille vieille de 18 ans dans Chrome, Safari et Firefox"}]},{"@type":"WebSite","@id":"https:\/\/ayrilys.com\/#website","url":"https:\/\/ayrilys.com\/","name":"Ayrilys prestataire informatique infog\u00e9rance PME TPE MSP depuis 2003 sur Viroflay","description":"Prestataire informatique Viroflay en r\u00e9gion parisienne PME TPE  ile de France depuis plus de 20 ans","publisher":{"@id":"https:\/\/ayrilys.com\/#organization"},"alternateName":"Ayriliys infog\u00e9rance fournisseur de services manag\u00e9s MSP PME TPE Viroflay","potentialAction":[{"@type":"SearchAction","target":{"@type":"EntryPoint","urlTemplate":"https:\/\/ayrilys.com\/?s={search_term_string}"},"query-input":{"@type":"PropertyValueSpecification","valueRequired":true,"valueName":"search_term_string"}}],"inLanguage":"fr-FR"},{"@type":"Organization","@id":"https:\/\/ayrilys.com\/#organization","name":"Ayrilys","url":"https:\/\/ayrilys.com\/","logo":{"@type":"ImageObject","inLanguage":"fr-FR","@id":"https:\/\/ayrilys.com\/#\/schema\/logo\/image\/","url":"https:\/\/ayrilys.com\/wp-content\/uploads\/2024\/07\/Ayrilys-Logo-V1.png","contentUrl":"https:\/\/ayrilys.com\/wp-content\/uploads\/2024\/07\/Ayrilys-Logo-V1.png","width":119,"height":64,"caption":"Ayrilys"},"image":{"@id":"https:\/\/ayrilys.com\/#\/schema\/logo\/image\/"},"sameAs":["https:\/\/www.facebook.com\/profile.php?id=61563219240658","https:\/\/x.com\/Ayrilys165097"],"description":"Prestataire informatique depuis plus de 20 ans pour les PME et TPE","email":"ayrilys@ayrilys.com","telephone":"+33139242197","legalName":"Ayrilys","foundingDate":"2003-01-01","vatID":"FR90449159011","taxID":"44915901100013","numberOfEmployees":{"@type":"QuantitativeValue","minValue":"1","maxValue":"10"}},{"@type":"Person","@id":"https:\/\/ayrilys.com\/#\/schema\/person\/a0005f5083786553a31b7393beac4f94","name":"admin","image":{"@type":"ImageObject","inLanguage":"fr-FR","@id":"https:\/\/ayrilys.com\/#\/schema\/person\/image\/","url":"https:\/\/secure.gravatar.com\/avatar\/673394efbb9f6f675f3aa2444209d504?s=96&d=mm&r=g","contentUrl":"https:\/\/secure.gravatar.com\/avatar\/673394efbb9f6f675f3aa2444209d504?s=96&d=mm&r=g","caption":"admin"},"sameAs":["http:\/\/ayrilys.com"],"url":"https:\/\/ayrilys.com\/index.php\/author\/admin\/"}]}},"jetpack_publicize_connections":[],"jetpack_featured_media_url":"","jetpack_sharing_enabled":true,"jetpack_likes_enabled":true,"jetpack-related-posts":[],"_links":{"self":[{"href":"https:\/\/ayrilys.com\/index.php\/wp-json\/wp\/v2\/posts\/586","targetHints":{"allow":["GET"]}}],"collection":[{"href":"https:\/\/ayrilys.com\/index.php\/wp-json\/wp\/v2\/posts"}],"about":[{"href":"https:\/\/ayrilys.com\/index.php\/wp-json\/wp\/v2\/types\/post"}],"author":[{"embeddable":true,"href":"https:\/\/ayrilys.com\/index.php\/wp-json\/wp\/v2\/users\/1"}],"replies":[{"embeddable":true,"href":"https:\/\/ayrilys.com\/index.php\/wp-json\/wp\/v2\/comments?post=586"}],"version-history":[{"count":1,"href":"https:\/\/ayrilys.com\/index.php\/wp-json\/wp\/v2\/posts\/586\/revisions"}],"predecessor-version":[{"id":587,"href":"https:\/\/ayrilys.com\/index.php\/wp-json\/wp\/v2\/posts\/586\/revisions\/587"}],"wp:attachment":[{"href":"https:\/\/ayrilys.com\/index.php\/wp-json\/wp\/v2\/media?parent=586"}],"wp:term":[{"taxonomy":"category","embeddable":true,"href":"https:\/\/ayrilys.com\/index.php\/wp-json\/wp\/v2\/categories?post=586"},{"taxonomy":"post_tag","embeddable":true,"href":"https:\/\/ayrilys.com\/index.php\/wp-json\/wp\/v2\/tags?post=586"}],"curies":[{"name":"wp","href":"https:\/\/api.w.org\/{rel}","templated":true}]}}