{"id":922,"date":"2024-09-24T19:06:00","date_gmt":"2024-09-24T17:06:00","guid":{"rendered":"https:\/\/ayrilys.com\/?p=922"},"modified":"2024-09-26T19:22:36","modified_gmt":"2024-09-26T17:22:36","slug":"les-enjeux-du-numerique-pour-les-pme-2","status":"publish","type":"post","link":"https:\/\/ayrilys.com\/index.php\/les-enjeux-du-numerique-pour-les-pme-2\/","title":{"rendered":"Les enjeux du num\u00e9rique pour les PME"},"content":{"rendered":"\n<h2 class=\"wp-block-heading\" id=\"h-transformation-numerique-ou-en-sont-les-tpe-pme\">Transformation num\u00e9rique : o\u00f9 en sont les TPE\/PME ?<\/h2>\n\n\n\n<figure class=\"wp-block-video\"><video controls src=\"https:\/\/ayrilys.com\/wp-content\/uploads\/2024\/09\/Enjeus-numerique-PME-2024.mp4\"><\/video><\/figure>\n\n\n\n<hr class=\"wp-block-separator has-alpha-channel-opacity\"\/>\n\n\n\n<p>Chaque ann\u00e9e, le barom\u00e8tre France Num interroge les TPE et PME fran\u00e7aises, de tous les secteurs d\u2019activit\u00e9s et de toutes les r\u00e9gions confront\u00e9es aux enjeux de transformation num\u00e9rique. Depuis sa premi\u00e8re \u00e9dition, cette \u00e9tude s\u2019appuie sur un \u00e9chantillon significatif : cette ann\u00e9e France Num a interrog\u00e9 10 125 entreprises, dont 6 425 TPE.<\/p>\n\n\n\n<h3 class=\"wp-block-heading\" id=\"h-barometre-2024-les-chiffres-a-retenir\">Barom\u00e8tre 2024 : les chiffres \u00e0 retenir<\/h3>\n\n\n\n<p>Alors qu\u2019elle s\u2019\u00e9rodait sensiblement en 2023 la confiance des dirigeants de TPE et PME repart \u00e0 la hausse,&nbsp;ils sont 79% (+3 points) \u00e0 penser que le num\u00e9rique apporte des b\u00e9n\u00e9fices r\u00e9els. Plus l\u2019entreprise est&nbsp;grande plus cette conviction est forte : ce taux s\u2019\u00e9l\u00e8ve \u00e0 85% pour les PME. Ces dirigeants voient le&nbsp;num\u00e9rique comme un outil pr\u00e9cieux pour augmenter leur chiffre d\u2019affaires, optimiser leur&nbsp;fonctionnement et am\u00e9liorer leur rentabilit\u00e9. De fait, 42% consid\u00e8rent que le num\u00e9rique permet de&nbsp;g\u00e9n\u00e9rer du profit, contre 39% en 2023. Les effets d\u2019une visibilit\u00e9 en ligne renforcent cette conviction,&nbsp;plus d\u2019une entreprise sur deux d\u00e9clare qu\u2019au moins 5% de sa client\u00e8le provient d\u2019internet (+5 points&nbsp;depuis 2023).<\/p>\n\n\n\n<p>Par ailleurs les b\u00e9n\u00e9fices attendus sont contrebalanc\u00e9s par les inqui\u00e9tudes engendr\u00e9es par l\u2019utilisation&nbsp;des outils num\u00e9riques. En effet, la crainte du piratage des donn\u00e9es continue de progresser en d\u00e9pit de&nbsp;mesures de protection qui se d\u00e9veloppent. En 2024, quasiment un dirigeant sur deux (49%) exprime des&nbsp;inqui\u00e9tudes \u00e0 ce sujet, et cette proportion progresse depuis 2020. Face \u00e0 cette mont\u00e9e des&nbsp;pr\u00e9occupations, 81% disposent d\u2019une solution de cyber s\u00e9curit\u00e9, dont 96% d\u2019un antivirus, 81% d\u2019une&nbsp;sauvegarde de donn\u00e9es \u00e0 l\u2019ext\u00e9rieur (y compris le cloud) et 57% des mesures et solutions de protection&nbsp;des locaux et des mat\u00e9riels.<\/p>\n\n\n\n<h3 class=\"wp-block-heading\" id=\"h-un-barometre-enrichi-grace-a-de-nouveaux-enjeux-majeurs\">Un barom\u00e8tre enrichi gr\u00e2ce \u00e0 de nouveaux enjeux majeurs<\/h3>\n\n\n\n<p>Depuis 2023 le barom\u00e8tre int\u00e8gre deux nouveaux enjeux majeurs dans l\u2019\u00e9laboration des politiques&nbsp;publiques en faveur de la num\u00e9risation des entreprises : la prise en compte de l\u2019impact environnemental&nbsp;des usages num\u00e9riques et l\u2019utilisation de l\u2019intelligence artificielle (IA) et des donn\u00e9es. 13% des&nbsp;entreprises sond\u00e9es utilisent les outils d\u2019intelligence artificielle, notamment de g\u00e9n\u00e9ration de texte, voix&nbsp;ou image. Cette proportion varie fortement selon les secteurs : dans le secteur num\u00e9rique 40% y ont&nbsp;recours tandis que dans l\u2019Agriculture seulement 4% utilisent l\u2019IA.<\/p>\n\n\n\n<p>En parall\u00e8le, l\u2019importance accord\u00e9e par les entreprises aux questions de sobri\u00e9t\u00e9 num\u00e9rique semble&nbsp;progresser nettement. Dans une d\u00e9marche de sobri\u00e9t\u00e9, le recyclage des \u00e9quipements num\u00e9riques&nbsp;(53%) et l\u2019achat de mat\u00e9riel reconditionn\u00e9 (28%) sont les mesures plus cit\u00e9es.<\/p>\n\n\n\n<h3 class=\"wp-block-heading\" id=\"h-vers-une-professionnalisation-de-l-accompagnement-a-la-transformation-numerique-des-tpe-pme\">Vers une professionnalisation de l\u2019accompagnement \u00e0 la transformation num\u00e9rique des TPE\/PME<\/h3>\n\n\n\n<p>Cette \u00e9dition 2024 du barom\u00e8tre permet de constater une professionnalisation de l\u2019accompagnement&nbsp;\u00e0 la transformation num\u00e9rique des TPE et PME en effet 39% des dirigeants font confiance \u00e0 leurs r\u00e9seaux&nbsp;professionnels (prestataires) pour \u00eatre conseill\u00e9s (+3 points) et 13% au r\u00e9seau France Num (+1 point).<\/p>\n\n\n\n<p>Depuis 2018, le dispositif France Num, pilot\u00e9 par la Direction g\u00e9n\u00e9rale des Entreprises (DGE), facilite la transformation num\u00e9rique des TPE et PME en s\u2019appuyant sur un r\u00e9seau de 80 partenaires dont les r\u00e9gions, et sur plus de 3 500 experts num\u00e9riques r\u00e9f\u00e9renc\u00e9s, les \u00ab Activateurs France Num \u00bb. Au-del\u00e0 des actions de sensibilisation et d\u2019information des entreprises (site internet, \u00e9v\u00e9nements, programme TV Connecte Ta Bo\u00eete), il propose les \u00ab Formations France Num \u00bb gratuites ainsi que des diagnostics num\u00e9riques men\u00e9s par les CCI et les CMA.&nbsp;&nbsp;<\/p>\n\n\n\n<p><em>Source : Minist\u00e8re de l&rsquo;Economie. Photo : Fotolia.<\/em><\/p>\n\n\n\n<p>Pour aider les entreprises \u00e0 \u00e9valuer les co\u00fbts et revenus li\u00e9s \u00e0 la transformation num\u00e9rique, des experts-comptables :75009 &#8211; BPERC<a href=\"https:\/\/www.expert-comptable-cinema-paris.com\/\" target=\"_blank\" rel=\"noreferrer noopener\">&nbsp;https:\/\/www.expert-comptable-cinema-paris.com<\/a><br>78000 &#8211; QUALIANS<a href=\"https:\/\/www.expert-comptable-versailles.com\/\" target=\"_blank\" rel=\"noreferrer noopener\">&nbsp;https:\/\/www.expert-comptable-versailles.com<\/a><br>91000 &#8211; CABINET GERMAIN ALTER AUDIT EXPERT COMPTABLE<a href=\"https:\/\/www.expert-comptable-evry.com\/\" target=\"_blank\" rel=\"noreferrer noopener\">&nbsp;https:\/\/www.expert-comptable-evry.com<\/a><br>91160 &#8211; AGEXCO AUDIT EXPERT COMPTABLE<a href=\"https:\/\/www.expert-comptable-longjumeau-champlan.com\/\" target=\"_blank\" rel=\"noreferrer noopener\">&nbsp;https:\/\/www.expert-comptable-longjumeau-champlan.com<\/a><br>91300 &#8211; GROUPE AUFIGES&nbsp;<a href=\"https:\/\/www.expert-comptable-massy.net\/\" target=\"_blank\" rel=\"noreferrer noopener\">https:\/\/www.expert-comptable-massy.net<\/a><br>91940 &#8211; FINE GESTION<a href=\"https:\/\/www.expert-comptable-courtaboeuf-les-ulis.fr\/\" target=\"_blank\" rel=\"noreferrer noopener\">&nbsp;https:\/\/www.expert-comptable-courtaboeuf-les-ulis.fr<\/a><br>92140 &#8211; SHAPEX&nbsp;<a href=\"https:\/\/www.expert-comptable-specialiste-retraite-92.com\/\" target=\"_blank\" rel=\"noreferrer noopener\">https:\/\/www.expert-comptable-specialiste-retraite-92.com<\/a><br>94440 &#8211; SUD EXPERTISE &amp; AUDIT<a href=\"https:\/\/www.expert-comptable-villecresnes-94.com\/\" target=\"_blank\" rel=\"noreferrer noopener\">&nbsp;https:\/\/www.expert-comptable-villecresnes-94.com<\/a><\/p>\n","protected":false},"excerpt":{"rendered":"<p>Transformation num\u00e9rique : o\u00f9 en sont les TPE\/PME ? Chaque ann\u00e9e, le barom\u00e8tre France Num interroge les TPE et PME fran\u00e7aises, de tous les secteurs d\u2019activit\u00e9s et de toutes les r\u00e9gions confront\u00e9es aux enjeux de transformation num\u00e9rique. Depuis sa premi\u00e8re \u00e9dition, cette \u00e9tude s\u2019appuie sur un \u00e9chantillon significatif : cette ann\u00e9e France Num a interrog\u00e9&#8230;<\/p>\n","protected":false},"author":1,"featured_media":920,"comment_status":"open","ping_status":"open","sticky":false,"template":"","format":"standard","meta":{"_kadence_starter_templates_imported_post":false,"_kad_post_transparent":"","_kad_post_title":"hide","_kad_post_layout":"","_kad_post_sidebar_id":"","_kad_post_content_style":"","_kad_post_vertical_padding":"","_kad_post_feature":"","_kad_post_feature_position":"","_kad_post_header":false,"_kad_post_footer":false,"_kad_post_classname":"","footnotes":"","jetpack_publicize_message":"","jetpack_publicize_feature_enabled":true,"jetpack_social_post_already_shared":true,"jetpack_social_options":{"image_generator_settings":{"template":"highway","enabled":true,"token":"eyJpbWciOiJodHRwczpcL1wvYXlyaWx5cy5jb21cL3dwLWNvbnRlbnRcL3VwbG9hZHNcLzIwMjRcLzA5XC9UcmFuc2Zvcm1hdGlvbi1udW1lcmlxdWUuanBnIiwidHh0IjoiTGVzIGVuamV1eCBkdSBudW1cdTAwZTlyaXF1ZSBwb3VyIGxlcyBQTUUiLCJ0ZW1wbGF0ZSI6ImhpZ2h3YXkiLCJibG9nX2lkIjoyMzUzMzUwMjN9.Ozh9cUZMG5qJwTSrXZHxpRuufIcTloDgHhFJfyLoqKAMQ"},"version":2}},"categories":[20,22],"tags":[],"class_list":["post-922","post","type-post","status-publish","format-standard","has-post-thumbnail","hentry","category-accueil","category-securite-informatique"],"yoast_head":"<!-- This site is optimized with the Yoast SEO Premium plugin v25.8 (Yoast SEO v26.0) - https:\/\/yoast.com\/wordpress\/plugins\/seo\/ -->\r\n<title>Infog\u00e9rance PME : Comment le num\u00e9rique peut augmenter votre chiffre d&#039;affaires - Prestataire informatique Viroflay en r\u00e9gion parisienne depuis 2003 pour les PME\/PMI<\/title>\r\n<meta name=\"description\" content=\"D\u00e9couvrez les b\u00e9n\u00e9fices de l&#039;infog\u00e9rance pour les PME. Optimisez votre fonctionnement et am\u00e9liorez votre rentabilit\u00e9 gr\u00e2ce au num\u00e9rique.\" \/>\r\n<meta name=\"robots\" content=\"index, follow, max-snippet:-1, max-image-preview:large, max-video-preview:-1\" \/>\r\n<link rel=\"canonical\" href=\"https:\/\/ayrilys.com\/index.php\/les-enjeux-du-numerique-pour-les-pme-2\/\" \/>\r\n<meta property=\"og:locale\" content=\"fr_FR\" \/>\r\n<meta property=\"og:type\" content=\"article\" \/>\r\n<meta property=\"og:title\" content=\"Les enjeux du num\u00e9rique pour les PME\" \/>\r\n<meta property=\"og:description\" content=\"Les enjeux du num\u00e9rique pour les PME Prestataire informatique Viroflay en r\u00e9gion parisienne depuis 2003 pour les PME\/PMI\" \/>\r\n<meta property=\"og:url\" content=\"https:\/\/ayrilys.com\/index.php\/les-enjeux-du-numerique-pour-les-pme-2\/\" \/>\r\n<meta property=\"og:site_name\" content=\"Prestataire informatique Viroflay en r\u00e9gion parisienne depuis 2003 pour les PME\/PMI\" \/>\r\n<meta property=\"article:publisher\" content=\"https:\/\/www.facebook.com\/profile.php?id=61563219240658\" \/>\r\n<meta property=\"article:published_time\" content=\"2024-09-24T17:06:00+00:00\" \/>\r\n<meta property=\"article:modified_time\" content=\"2024-09-26T17:22:36+00:00\" \/>\r\n<meta property=\"og:image\" content=\"https:\/\/ayrilys.com\/wp-content\/uploads\/2024\/09\/Transformation-numerique.jpg\" \/>\r\n\t<meta property=\"og:image:width\" content=\"640\" \/>\r\n\t<meta property=\"og:image:height\" content=\"285\" \/>\r\n\t<meta property=\"og:image:type\" content=\"image\/jpeg\" \/>\r\n<meta name=\"author\" content=\"admin\" \/>\r\n<meta name=\"twitter:card\" content=\"summary_large_image\" \/>\r\n<meta name=\"twitter:creator\" content=\"@Ayrilys165097\" \/>\r\n<meta name=\"twitter:site\" content=\"@Ayrilys165097\" \/>\r\n<meta name=\"twitter:label1\" content=\"\u00c9crit par\" \/>\n\t<meta name=\"twitter:data1\" content=\"admin\" \/>\n\t<meta name=\"twitter:label2\" content=\"Dur\u00e9e de lecture estim\u00e9e\" \/>\n\t<meta name=\"twitter:data2\" content=\"4 minutes\" \/>\r\n<script type=\"application\/ld+json\" class=\"yoast-schema-graph\">{\"@context\":\"https:\/\/schema.org\",\"@graph\":[{\"@type\":\"Article\",\"@id\":\"https:\/\/ayrilys.com\/index.php\/les-enjeux-du-numerique-pour-les-pme-2\/#article\",\"isPartOf\":{\"@id\":\"https:\/\/ayrilys.com\/index.php\/les-enjeux-du-numerique-pour-les-pme-2\/\"},\"author\":{\"name\":\"admin\",\"@id\":\"https:\/\/ayrilys.com\/#\/schema\/person\/a0005f5083786553a31b7393beac4f94\"},\"headline\":\"Les enjeux du num\u00e9rique pour les PME\",\"datePublished\":\"2024-09-24T17:06:00+00:00\",\"dateModified\":\"2024-09-26T17:22:36+00:00\",\"mainEntityOfPage\":{\"@id\":\"https:\/\/ayrilys.com\/index.php\/les-enjeux-du-numerique-pour-les-pme-2\/\"},\"wordCount\":729,\"commentCount\":0,\"publisher\":{\"@id\":\"https:\/\/ayrilys.com\/#organization\"},\"image\":{\"@id\":\"https:\/\/ayrilys.com\/index.php\/les-enjeux-du-numerique-pour-les-pme-2\/#primaryimage\"},\"thumbnailUrl\":\"https:\/\/ayrilys.com\/wp-content\/uploads\/2024\/09\/Transformation-numerique.jpg\",\"articleSection\":[\"Accueil\",\"S\u00e9curit\u00e9 informatique\"],\"inLanguage\":\"fr-FR\",\"potentialAction\":[{\"@type\":\"CommentAction\",\"name\":\"Comment\",\"target\":[\"https:\/\/ayrilys.com\/index.php\/les-enjeux-du-numerique-pour-les-pme-2\/#respond\"]}]},{\"@type\":\"WebPage\",\"@id\":\"https:\/\/ayrilys.com\/index.php\/les-enjeux-du-numerique-pour-les-pme-2\/\",\"url\":\"https:\/\/ayrilys.com\/index.php\/les-enjeux-du-numerique-pour-les-pme-2\/\",\"name\":\"Infog\u00e9rance PME : Comment le num\u00e9rique peut augmenter votre chiffre d'affaires - Prestataire informatique Viroflay en r\u00e9gion parisienne depuis 2003 pour les PME\/PMI\",\"isPartOf\":{\"@id\":\"https:\/\/ayrilys.com\/#website\"},\"primaryImageOfPage\":{\"@id\":\"https:\/\/ayrilys.com\/index.php\/les-enjeux-du-numerique-pour-les-pme-2\/#primaryimage\"},\"image\":{\"@id\":\"https:\/\/ayrilys.com\/index.php\/les-enjeux-du-numerique-pour-les-pme-2\/#primaryimage\"},\"thumbnailUrl\":\"https:\/\/ayrilys.com\/wp-content\/uploads\/2024\/09\/Transformation-numerique.jpg\",\"datePublished\":\"2024-09-24T17:06:00+00:00\",\"dateModified\":\"2024-09-26T17:22:36+00:00\",\"description\":\"D\u00e9couvrez les b\u00e9n\u00e9fices de l'infog\u00e9rance pour les PME. Optimisez votre fonctionnement et am\u00e9liorez votre rentabilit\u00e9 gr\u00e2ce au num\u00e9rique.\",\"breadcrumb\":{\"@id\":\"https:\/\/ayrilys.com\/index.php\/les-enjeux-du-numerique-pour-les-pme-2\/#breadcrumb\"},\"inLanguage\":\"fr-FR\",\"potentialAction\":[{\"@type\":\"ReadAction\",\"target\":[\"https:\/\/ayrilys.com\/index.php\/les-enjeux-du-numerique-pour-les-pme-2\/\"]}]},{\"@type\":\"ImageObject\",\"inLanguage\":\"fr-FR\",\"@id\":\"https:\/\/ayrilys.com\/index.php\/les-enjeux-du-numerique-pour-les-pme-2\/#primaryimage\",\"url\":\"https:\/\/ayrilys.com\/wp-content\/uploads\/2024\/09\/Transformation-numerique.jpg\",\"contentUrl\":\"https:\/\/ayrilys.com\/wp-content\/uploads\/2024\/09\/Transformation-numerique.jpg\",\"width\":640,\"height\":285},{\"@type\":\"BreadcrumbList\",\"@id\":\"https:\/\/ayrilys.com\/index.php\/les-enjeux-du-numerique-pour-les-pme-2\/#breadcrumb\",\"itemListElement\":[{\"@type\":\"ListItem\",\"position\":1,\"name\":\"Accueil\",\"item\":\"https:\/\/ayrilys.com\/\"},{\"@type\":\"ListItem\",\"position\":2,\"name\":\"Les enjeux du num\u00e9rique pour les PME\"}]},{\"@type\":\"WebSite\",\"@id\":\"https:\/\/ayrilys.com\/#website\",\"url\":\"https:\/\/ayrilys.com\/\",\"name\":\"Ayrilys prestataire informatique infog\u00e9rance PME TPE MSP depuis 2003 sur Viroflay\",\"description\":\"Prestataire informatique Viroflay en r\u00e9gion parisienne PME TPE  ile de France depuis plus de 20 ans\",\"publisher\":{\"@id\":\"https:\/\/ayrilys.com\/#organization\"},\"alternateName\":\"Ayriliys infog\u00e9rance fournisseur de services manag\u00e9s MSP PME TPE Viroflay\",\"potentialAction\":[{\"@type\":\"SearchAction\",\"target\":{\"@type\":\"EntryPoint\",\"urlTemplate\":\"https:\/\/ayrilys.com\/?s={search_term_string}\"},\"query-input\":{\"@type\":\"PropertyValueSpecification\",\"valueRequired\":true,\"valueName\":\"search_term_string\"}}],\"inLanguage\":\"fr-FR\"},{\"@type\":\"Organization\",\"@id\":\"https:\/\/ayrilys.com\/#organization\",\"name\":\"Ayrilys\",\"url\":\"https:\/\/ayrilys.com\/\",\"logo\":{\"@type\":\"ImageObject\",\"inLanguage\":\"fr-FR\",\"@id\":\"https:\/\/ayrilys.com\/#\/schema\/logo\/image\/\",\"url\":\"https:\/\/ayrilys.com\/wp-content\/uploads\/2024\/07\/Ayrilys-Logo-V1.png\",\"contentUrl\":\"https:\/\/ayrilys.com\/wp-content\/uploads\/2024\/07\/Ayrilys-Logo-V1.png\",\"width\":119,\"height\":64,\"caption\":\"Ayrilys\"},\"image\":{\"@id\":\"https:\/\/ayrilys.com\/#\/schema\/logo\/image\/\"},\"sameAs\":[\"https:\/\/www.facebook.com\/profile.php?id=61563219240658\",\"https:\/\/x.com\/Ayrilys165097\"],\"description\":\"Prestataire informatique depuis plus de 20 ans pour les PME et TPE\",\"email\":\"ayrilys@ayrilys.com\",\"telephone\":\"+33139242197\",\"legalName\":\"Ayrilys\",\"foundingDate\":\"2003-01-01\",\"vatID\":\"FR90449159011\",\"taxID\":\"44915901100013\",\"numberOfEmployees\":{\"@type\":\"QuantitativeValue\",\"minValue\":\"1\",\"maxValue\":\"10\"}},{\"@type\":\"Person\",\"@id\":\"https:\/\/ayrilys.com\/#\/schema\/person\/a0005f5083786553a31b7393beac4f94\",\"name\":\"admin\",\"image\":{\"@type\":\"ImageObject\",\"inLanguage\":\"fr-FR\",\"@id\":\"https:\/\/ayrilys.com\/#\/schema\/person\/image\/\",\"url\":\"https:\/\/secure.gravatar.com\/avatar\/673394efbb9f6f675f3aa2444209d504?s=96&d=mm&r=g\",\"contentUrl\":\"https:\/\/secure.gravatar.com\/avatar\/673394efbb9f6f675f3aa2444209d504?s=96&d=mm&r=g\",\"caption\":\"admin\"},\"sameAs\":[\"http:\/\/ayrilys.com\"],\"url\":\"https:\/\/ayrilys.com\/index.php\/author\/admin\/\"}]}<\/script>\r\n<!-- \/ Yoast SEO Premium plugin. -->","yoast_head_json":{"title":"Infog\u00e9rance PME : Comment le num\u00e9rique peut augmenter votre chiffre d'affaires - Prestataire informatique Viroflay en r\u00e9gion parisienne depuis 2003 pour les PME\/PMI","description":"D\u00e9couvrez les b\u00e9n\u00e9fices de l'infog\u00e9rance pour les PME. Optimisez votre fonctionnement et am\u00e9liorez votre rentabilit\u00e9 gr\u00e2ce au num\u00e9rique.","robots":{"index":"index","follow":"follow","max-snippet":"max-snippet:-1","max-image-preview":"max-image-preview:large","max-video-preview":"max-video-preview:-1"},"canonical":"https:\/\/ayrilys.com\/index.php\/les-enjeux-du-numerique-pour-les-pme-2\/","og_locale":"fr_FR","og_type":"article","og_title":"Les enjeux du num\u00e9rique pour les PME","og_description":"Les enjeux du num\u00e9rique pour les PME Prestataire informatique Viroflay en r\u00e9gion parisienne depuis 2003 pour les PME\/PMI","og_url":"https:\/\/ayrilys.com\/index.php\/les-enjeux-du-numerique-pour-les-pme-2\/","og_site_name":"Prestataire informatique Viroflay en r\u00e9gion parisienne depuis 2003 pour les PME\/PMI","article_publisher":"https:\/\/www.facebook.com\/profile.php?id=61563219240658","article_published_time":"2024-09-24T17:06:00+00:00","article_modified_time":"2024-09-26T17:22:36+00:00","og_image":[{"width":640,"height":285,"url":"https:\/\/ayrilys.com\/wp-content\/uploads\/2024\/09\/Transformation-numerique.jpg","type":"image\/jpeg"}],"author":"admin","twitter_card":"summary_large_image","twitter_creator":"@Ayrilys165097","twitter_site":"@Ayrilys165097","twitter_misc":{"\u00c9crit par":"admin","Dur\u00e9e de lecture estim\u00e9e":"4 minutes"},"schema":{"@context":"https:\/\/schema.org","@graph":[{"@type":"Article","@id":"https:\/\/ayrilys.com\/index.php\/les-enjeux-du-numerique-pour-les-pme-2\/#article","isPartOf":{"@id":"https:\/\/ayrilys.com\/index.php\/les-enjeux-du-numerique-pour-les-pme-2\/"},"author":{"name":"admin","@id":"https:\/\/ayrilys.com\/#\/schema\/person\/a0005f5083786553a31b7393beac4f94"},"headline":"Les enjeux du num\u00e9rique pour les PME","datePublished":"2024-09-24T17:06:00+00:00","dateModified":"2024-09-26T17:22:36+00:00","mainEntityOfPage":{"@id":"https:\/\/ayrilys.com\/index.php\/les-enjeux-du-numerique-pour-les-pme-2\/"},"wordCount":729,"commentCount":0,"publisher":{"@id":"https:\/\/ayrilys.com\/#organization"},"image":{"@id":"https:\/\/ayrilys.com\/index.php\/les-enjeux-du-numerique-pour-les-pme-2\/#primaryimage"},"thumbnailUrl":"https:\/\/ayrilys.com\/wp-content\/uploads\/2024\/09\/Transformation-numerique.jpg","articleSection":["Accueil","S\u00e9curit\u00e9 informatique"],"inLanguage":"fr-FR","potentialAction":[{"@type":"CommentAction","name":"Comment","target":["https:\/\/ayrilys.com\/index.php\/les-enjeux-du-numerique-pour-les-pme-2\/#respond"]}]},{"@type":"WebPage","@id":"https:\/\/ayrilys.com\/index.php\/les-enjeux-du-numerique-pour-les-pme-2\/","url":"https:\/\/ayrilys.com\/index.php\/les-enjeux-du-numerique-pour-les-pme-2\/","name":"Infog\u00e9rance PME : Comment le num\u00e9rique peut augmenter votre chiffre d'affaires - Prestataire informatique Viroflay en r\u00e9gion parisienne depuis 2003 pour les PME\/PMI","isPartOf":{"@id":"https:\/\/ayrilys.com\/#website"},"primaryImageOfPage":{"@id":"https:\/\/ayrilys.com\/index.php\/les-enjeux-du-numerique-pour-les-pme-2\/#primaryimage"},"image":{"@id":"https:\/\/ayrilys.com\/index.php\/les-enjeux-du-numerique-pour-les-pme-2\/#primaryimage"},"thumbnailUrl":"https:\/\/ayrilys.com\/wp-content\/uploads\/2024\/09\/Transformation-numerique.jpg","datePublished":"2024-09-24T17:06:00+00:00","dateModified":"2024-09-26T17:22:36+00:00","description":"D\u00e9couvrez les b\u00e9n\u00e9fices de l'infog\u00e9rance pour les PME. Optimisez votre fonctionnement et am\u00e9liorez votre rentabilit\u00e9 gr\u00e2ce au num\u00e9rique.","breadcrumb":{"@id":"https:\/\/ayrilys.com\/index.php\/les-enjeux-du-numerique-pour-les-pme-2\/#breadcrumb"},"inLanguage":"fr-FR","potentialAction":[{"@type":"ReadAction","target":["https:\/\/ayrilys.com\/index.php\/les-enjeux-du-numerique-pour-les-pme-2\/"]}]},{"@type":"ImageObject","inLanguage":"fr-FR","@id":"https:\/\/ayrilys.com\/index.php\/les-enjeux-du-numerique-pour-les-pme-2\/#primaryimage","url":"https:\/\/ayrilys.com\/wp-content\/uploads\/2024\/09\/Transformation-numerique.jpg","contentUrl":"https:\/\/ayrilys.com\/wp-content\/uploads\/2024\/09\/Transformation-numerique.jpg","width":640,"height":285},{"@type":"BreadcrumbList","@id":"https:\/\/ayrilys.com\/index.php\/les-enjeux-du-numerique-pour-les-pme-2\/#breadcrumb","itemListElement":[{"@type":"ListItem","position":1,"name":"Accueil","item":"https:\/\/ayrilys.com\/"},{"@type":"ListItem","position":2,"name":"Les enjeux du num\u00e9rique pour les PME"}]},{"@type":"WebSite","@id":"https:\/\/ayrilys.com\/#website","url":"https:\/\/ayrilys.com\/","name":"Ayrilys prestataire informatique infog\u00e9rance PME TPE MSP depuis 2003 sur Viroflay","description":"Prestataire informatique Viroflay en r\u00e9gion parisienne PME TPE  ile de France depuis plus de 20 ans","publisher":{"@id":"https:\/\/ayrilys.com\/#organization"},"alternateName":"Ayriliys infog\u00e9rance fournisseur de services manag\u00e9s MSP PME TPE Viroflay","potentialAction":[{"@type":"SearchAction","target":{"@type":"EntryPoint","urlTemplate":"https:\/\/ayrilys.com\/?s={search_term_string}"},"query-input":{"@type":"PropertyValueSpecification","valueRequired":true,"valueName":"search_term_string"}}],"inLanguage":"fr-FR"},{"@type":"Organization","@id":"https:\/\/ayrilys.com\/#organization","name":"Ayrilys","url":"https:\/\/ayrilys.com\/","logo":{"@type":"ImageObject","inLanguage":"fr-FR","@id":"https:\/\/ayrilys.com\/#\/schema\/logo\/image\/","url":"https:\/\/ayrilys.com\/wp-content\/uploads\/2024\/07\/Ayrilys-Logo-V1.png","contentUrl":"https:\/\/ayrilys.com\/wp-content\/uploads\/2024\/07\/Ayrilys-Logo-V1.png","width":119,"height":64,"caption":"Ayrilys"},"image":{"@id":"https:\/\/ayrilys.com\/#\/schema\/logo\/image\/"},"sameAs":["https:\/\/www.facebook.com\/profile.php?id=61563219240658","https:\/\/x.com\/Ayrilys165097"],"description":"Prestataire informatique depuis plus de 20 ans pour les PME et TPE","email":"ayrilys@ayrilys.com","telephone":"+33139242197","legalName":"Ayrilys","foundingDate":"2003-01-01","vatID":"FR90449159011","taxID":"44915901100013","numberOfEmployees":{"@type":"QuantitativeValue","minValue":"1","maxValue":"10"}},{"@type":"Person","@id":"https:\/\/ayrilys.com\/#\/schema\/person\/a0005f5083786553a31b7393beac4f94","name":"admin","image":{"@type":"ImageObject","inLanguage":"fr-FR","@id":"https:\/\/ayrilys.com\/#\/schema\/person\/image\/","url":"https:\/\/secure.gravatar.com\/avatar\/673394efbb9f6f675f3aa2444209d504?s=96&d=mm&r=g","contentUrl":"https:\/\/secure.gravatar.com\/avatar\/673394efbb9f6f675f3aa2444209d504?s=96&d=mm&r=g","caption":"admin"},"sameAs":["http:\/\/ayrilys.com"],"url":"https:\/\/ayrilys.com\/index.php\/author\/admin\/"}]}},"jetpack_publicize_connections":[],"jetpack_featured_media_url":"https:\/\/ayrilys.com\/wp-content\/uploads\/2024\/09\/Transformation-numerique.jpg","jetpack_sharing_enabled":true,"jetpack_likes_enabled":true,"jetpack-related-posts":[],"_links":{"self":[{"href":"https:\/\/ayrilys.com\/index.php\/wp-json\/wp\/v2\/posts\/922","targetHints":{"allow":["GET"]}}],"collection":[{"href":"https:\/\/ayrilys.com\/index.php\/wp-json\/wp\/v2\/posts"}],"about":[{"href":"https:\/\/ayrilys.com\/index.php\/wp-json\/wp\/v2\/types\/post"}],"author":[{"embeddable":true,"href":"https:\/\/ayrilys.com\/index.php\/wp-json\/wp\/v2\/users\/1"}],"replies":[{"embeddable":true,"href":"https:\/\/ayrilys.com\/index.php\/wp-json\/wp\/v2\/comments?post=922"}],"version-history":[{"count":1,"href":"https:\/\/ayrilys.com\/index.php\/wp-json\/wp\/v2\/posts\/922\/revisions"}],"predecessor-version":[{"id":924,"href":"https:\/\/ayrilys.com\/index.php\/wp-json\/wp\/v2\/posts\/922\/revisions\/924"}],"wp:featuredmedia":[{"embeddable":true,"href":"https:\/\/ayrilys.com\/index.php\/wp-json\/wp\/v2\/media\/920"}],"wp:attachment":[{"href":"https:\/\/ayrilys.com\/index.php\/wp-json\/wp\/v2\/media?parent=922"}],"wp:term":[{"taxonomy":"category","embeddable":true,"href":"https:\/\/ayrilys.com\/index.php\/wp-json\/wp\/v2\/categories?post=922"},{"taxonomy":"post_tag","embeddable":true,"href":"https:\/\/ayrilys.com\/index.php\/wp-json\/wp\/v2\/tags?post=922"}],"curies":[{"name":"wp","href":"https:\/\/api.w.org\/{rel}","templated":true}]}}