{"id":986,"date":"2024-10-01T11:20:44","date_gmt":"2024-10-01T09:20:44","guid":{"rendered":"https:\/\/ayrilys.com\/?p=986"},"modified":"2024-10-01T11:22:07","modified_gmt":"2024-10-01T09:22:07","slug":"ia-quel-est-son-impact-sur-la-consommation-electrique-des-datacenters","status":"publish","type":"post","link":"https:\/\/ayrilys.com\/index.php\/ia-quel-est-son-impact-sur-la-consommation-electrique-des-datacenters\/","title":{"rendered":"IA : Quel est son impact sur la consommation \u00e9lectrique des datacenters ?"},"content":{"rendered":"\n<p><strong>IA : Quel est son impact sur la consommation \u00e9lectrique des datacenters ?<\/strong><\/p>\n\n\n\n<p>&nbsp;lundi 30 septembre 2024<\/p>\n\n\n\n<p><strong>Les centres de donn\u00e9es sont au c\u0153ur de l&rsquo;\u00e9conomie num\u00e9rique. Mais le co\u00fbt d&rsquo;exploitation de ces centres de donn\u00e9es augmente aussi consid\u00e9rablement en raison de la hausse des prix de l&rsquo;\u00e9lectricit\u00e9 et de la hausse&nbsp;de la consommation au sein m\u00eame de ces datacenters. Un nouveau rapport d&rsquo;IDC examine les d\u00e9penses en \u00e9lectricit\u00e9 des datacenters&nbsp;et leurs implications pour les fournisseurs de technologie et les op\u00e9rateurs de centres de donn\u00e9es.<\/strong><\/p>\n\n\n\n<p>L&rsquo;\u00e9lectricit\u00e9 est de loin la principale d\u00e9pense courante des op\u00e9rateurs de centres de donn\u00e9es. Elle repr\u00e9sente 46 % des d\u00e9penses totales pour les centres de donn\u00e9es des entreprises et 60 % pour les centres de donn\u00e9es des fournisseurs de services. Et cette&nbsp;consommation d&rsquo;\u00e9lectricit\u00e9 augmente rapidement \u00e0 mesure que les centres de donn\u00e9es prennent en charge davantage de charges de travail et des charges de travail plus gourmandes en \u00e9nergie, telles que l&rsquo;intelligence artificielle.<\/p>\n\n\n\n<p>IDC pr\u00e9voit que l&rsquo;explosion de la demande de charges de travail d&rsquo;IA entra\u00eenera une augmentation significative de la capacit\u00e9 des centres de donn\u00e9es, de la consommation d&rsquo;\u00e9nergie et des \u00e9missions de carbone. Ainsi, la capacit\u00e9 des centres de donn\u00e9es li\u00e9e \u00e0 l&rsquo;IA devant conna\u00eetre un taux de croissance annuel compos\u00e9 (TCAC) de 40,5 % jusqu&rsquo;en 2027. En cons\u00e9quence, la consommation d&rsquo;\u00e9nergie de ces centres de donn\u00e9es devrait augmenter \u00e0 un taux de croissance annuel compos\u00e9 de 44,7 %, pour atteindre 146,2 TWh&nbsp;d&rsquo;ici 2027, les charges de travail d&rsquo;IA consommant une part croissante de l&rsquo;\u00e9lectricit\u00e9 utilis\u00e9e dans les centres de donn\u00e9es.<\/p>\n\n\n\n<blockquote class=\"wp-block-quote is-layout-flow wp-block-quote-is-layout-flow\">\n<p>Dans l&rsquo;ensemble, IDC s&rsquo;attend \u00e0 ce que la consommation mondiale d&rsquo;\u00e9lectricit\u00e9 des centres de donn\u00e9es soit multiplier au minimum par 2 entre 2023 et 2028, avec un TCAC de 19,5 % sur cinq ans, pour atteindre 857&nbsp;TWh&nbsp;en 2028.<\/p>\n<\/blockquote>\n\n\n\n<p>Dans le m\u00eame temps, les prix de l&rsquo;\u00e9lectricit\u00e9 augmentent en raison de la dynamique de l&rsquo;offre et de la demande, des r\u00e9glementations environnementales, des \u00e9v\u00e9nements g\u00e9opolitiques et de la sensibilit\u00e9 aux \u00e9v\u00e9nements m\u00e9t\u00e9orologiques extr\u00eames aliment\u00e9s en partie par le changement climatique. IDC estime que les tendances qui ont entra\u00een\u00e9 l&rsquo;augmentation des prix de l&rsquo;\u00e9lectricit\u00e9 au cours des cinq derni\u00e8res ann\u00e9es vont probablement se poursuivre. L&rsquo;augmentation de la consommation et des co\u00fbts de l&rsquo;\u00e9nergie rendra les centres de donn\u00e9es consid\u00e9rablement plus co\u00fbteux \u00e0 exploiter, mais l&rsquo;ampleur de cette hausse reste incertaine.<\/p>\n\n\n\n<p><strong>Vers une hausse inexorable des d\u00e9penses en \u00e9lectricit\u00e9<\/strong><br>Pour mieux comprendre l&rsquo;impact de l&rsquo;augmentation des co\u00fbts de l&rsquo;\u00e9lectricit\u00e9 sur les op\u00e9rations des centres de donn\u00e9es, IDC a r\u00e9alis\u00e9 une planification de sc\u00e9nario pour un centre de donn\u00e9es avec une charge informatique de 1 MW en 2023, fonctionnant \u00e0 50 % de sa capacit\u00e9 et avec une efficacit\u00e9 d&rsquo;utilisation de l&rsquo;\u00e9nergie (PUE) de 1,5. L&rsquo;\u00e9tude a examin\u00e9 trois sc\u00e9narios de croissance des prix de l&rsquo;\u00e9nergie en utilisant les prix de l&rsquo;\u00e9nergie et les taux de croissance pour les \u00c9tats-Unis, l&rsquo;Allemagne et le Japon. Dans les trois sc\u00e9narios, le pourcentage de croissance des d\u00e9penses d&rsquo;\u00e9lectricit\u00e9 d\u00e9passe un TCAC de 15 % dans tous les cas, la plupart des sc\u00e9narios affichant une croissance de plus de 20 %. L&rsquo;\u00e9tude montre \u00e9galement qu&rsquo;une augmentation de 10 % de l&rsquo;efficacit\u00e9 \u00e9nerg\u00e9tique peut permettre aux op\u00e9rateurs de centres de donn\u00e9es de r\u00e9aliser des \u00e9conomies consid\u00e9rables.<\/p>\n\n\n\n<blockquote class=\"wp-block-quote is-layout-flow wp-block-quote-is-layout-flow\">\n<p>\u00ab Il existe un grand nombre d&rsquo;options pour am\u00e9liorer l&rsquo;efficacit\u00e9 des centres de donn\u00e9es, allant des solutions technologiques telles que l&rsquo;am\u00e9lioration de l&rsquo;efficacit\u00e9 des puces et le refroidissement liquide \u00e0 la refonte de la conception des centres de donn\u00e9es et des m\u00e9thodes de distribution de l&rsquo;\u00e9nergie \u00bb, indique Sean Graham, directeur de recherche, Cloud to Edge Datacenter Trends, chez IDC. \u00ab Mais fournir des solutions \u00e9co\u00e9nerg\u00e9tiques n&rsquo;est qu&rsquo;une partie de l&rsquo;\u00e9quation permettant de&nbsp;r\u00e9pondre aux besoins des clients. Les fournisseurs de centres de donn\u00e9es, y compris les services de cloud computing et de colocation, doivent continuer \u00e0 donner la priorit\u00e9 \u00e0 l&rsquo;investissement dans les sources d&rsquo;\u00e9nergie renouvelables. En investissant dans les \u00e9nergies renouvelables, ils contribuent \u00e0 augmenter l&rsquo;offre globale tout en aidant leurs clients \u00e0 atteindre leurs objectifs en mati\u00e8re de d\u00e9veloppement durable. \u00bb<\/p>\n<\/blockquote>\n\n\n\n<p>L&rsquo;\u00e9nergie solaire et l&rsquo;\u00e9nergie \u00e9olienne, en particulier, offrent des avantages environnementaux significatifs tout en fournissant le co\u00fbt le plus bas de l&rsquo;\u00e9lectricit\u00e9, qui refl\u00e8te le co\u00fbt net actuel moyen de la production d&rsquo;\u00e9lectricit\u00e9 sur la dur\u00e9e de vie d&rsquo;un g\u00e9n\u00e9rateur. De plus, en installant les installations \u00e0 proximit\u00e9 de la source de production d&rsquo;\u00e9nergie renouvelable, les fournisseurs peuvent r\u00e9duire les co\u00fbts de construction et les pertes d&rsquo;\u00e9nergie li\u00e9es \u00e0 la distribution, ce qui am\u00e9liore l&rsquo;efficacit\u00e9 globale et la durabilit\u00e9 tout en renfor\u00e7ant la r\u00e9silience en \u00e9liminant les probl\u00e8mes de fiabilit\u00e9 du r\u00e9seau.<\/p>\n\n\n\n<p><\/p>\n","protected":false},"excerpt":{"rendered":"<p>IA : Quel est son impact sur la consommation \u00e9lectrique des datacenters ? &nbsp;lundi 30 septembre 2024 Les centres de donn\u00e9es sont au c\u0153ur de l&rsquo;\u00e9conomie num\u00e9rique. Mais le co\u00fbt d&rsquo;exploitation de ces centres de donn\u00e9es augmente aussi consid\u00e9rablement en raison de la hausse des prix de l&rsquo;\u00e9lectricit\u00e9 et de la hausse&nbsp;de la consommation au&#8230;<\/p>\n","protected":false},"author":1,"featured_media":987,"comment_status":"open","ping_status":"open","sticky":false,"template":"","format":"standard","meta":{"_kadence_starter_templates_imported_post":false,"_kad_post_transparent":"","_kad_post_title":"hide","_kad_post_layout":"","_kad_post_sidebar_id":"","_kad_post_content_style":"","_kad_post_vertical_padding":"","_kad_post_feature":"","_kad_post_feature_position":"","_kad_post_header":false,"_kad_post_footer":false,"_kad_post_classname":"","footnotes":"","jetpack_publicize_message":"","jetpack_publicize_feature_enabled":true,"jetpack_social_post_already_shared":false,"jetpack_social_options":{"image_generator_settings":{"template":"highway","enabled":true,"token":"eyJpbWciOiJodHRwczpcL1wvYXlyaWx5cy5jb21cL3dwLWNvbnRlbnRcL3VwbG9hZHNcLzIwMjRcLzEwXC9BbGltZW50YXRpb24tZWxlY3RyaXF1ZS1pc3RvY2twaG90by0xMzQ0MTI0MTYyLTEwMjR4MTAyNC0xLmpwZyIsInR4dCI6IklBIDogUXVlbCBlc3Qgc29uIGltcGFjdCBzdXIgbGEgY29uc29tbWF0aW9uIFx1MDBlOWxlY3RyaXF1ZSBkZXMgZGF0YWNlbnRlcnMgPyIsInRlbXBsYXRlIjoiaGlnaHdheSIsImJsb2dfaWQiOjIzNTMzNTAyM30.VPn86e8T96MfplC21gq_MvcuifNJYk7jNVQrvo6E-DUMQ"},"version":2}},"categories":[20,22],"tags":[],"class_list":["post-986","post","type-post","status-publish","format-standard","has-post-thumbnail","hentry","category-accueil","category-securite-informatique"],"yoast_head":"<!-- This site is optimized with the Yoast SEO Premium plugin v25.8 (Yoast SEO v26.0) - https:\/\/yoast.com\/wordpress\/plugins\/seo\/ -->\r\n<title>Impact de l&#039;IA sur la consommation \u00e9lectrique des datacenters - Prestataire informatique Viroflay en r\u00e9gion parisienne depuis 2003 pour les PME\/PMI<\/title>\r\n<meta name=\"description\" content=\"D\u00e9couvrez l&#039;impact de l&#039;IA sur la consommation \u00e9lectrique des datacenters. Un rapport r\u00e9v\u00e8le les d\u00e9penses en \u00e9lectricit\u00e9 et leurs implications pour les fournisseurs et op\u00e9rateurs de centres de donn\u00e9es.\" \/>\r\n<meta name=\"robots\" content=\"index, follow, max-snippet:-1, max-image-preview:large, max-video-preview:-1\" \/>\r\n<link rel=\"canonical\" href=\"https:\/\/ayrilys.com\/index.php\/ia-quel-est-son-impact-sur-la-consommation-electrique-des-datacenters\/\" \/>\r\n<meta property=\"og:locale\" content=\"fr_FR\" \/>\r\n<meta property=\"og:type\" content=\"article\" \/>\r\n<meta property=\"og:title\" content=\"IA : Quel est son impact sur la consommation \u00e9lectrique des datacenters ?\" \/>\r\n<meta property=\"og:description\" content=\"IA : Quel est son impact sur la consommation \u00e9lectrique des datacenters ? Prestataire informatique Viroflay en r\u00e9gion parisienne depuis 2003 pour les PME\/PMI\" \/>\r\n<meta property=\"og:url\" content=\"https:\/\/ayrilys.com\/index.php\/ia-quel-est-son-impact-sur-la-consommation-electrique-des-datacenters\/\" \/>\r\n<meta property=\"og:site_name\" content=\"Prestataire informatique Viroflay en r\u00e9gion parisienne depuis 2003 pour les PME\/PMI\" \/>\r\n<meta property=\"article:publisher\" content=\"https:\/\/www.facebook.com\/profile.php?id=61563219240658\" \/>\r\n<meta property=\"article:published_time\" content=\"2024-10-01T09:20:44+00:00\" \/>\r\n<meta property=\"article:modified_time\" content=\"2024-10-01T09:22:07+00:00\" \/>\r\n<meta property=\"og:image\" content=\"https:\/\/ayrilys.com\/wp-content\/uploads\/2024\/10\/Alimentation-electrique-istockphoto-1344124162-1024x1024-1.jpg\" \/>\r\n\t<meta property=\"og:image:width\" content=\"1024\" \/>\r\n\t<meta property=\"og:image:height\" content=\"683\" \/>\r\n\t<meta property=\"og:image:type\" content=\"image\/jpeg\" \/>\r\n<meta name=\"author\" content=\"admin\" \/>\r\n<meta name=\"twitter:card\" content=\"summary_large_image\" \/>\r\n<meta name=\"twitter:creator\" content=\"@Ayrilys165097\" \/>\r\n<meta name=\"twitter:site\" content=\"@Ayrilys165097\" \/>\r\n<meta name=\"twitter:label1\" content=\"\u00c9crit par\" \/>\n\t<meta name=\"twitter:data1\" content=\"admin\" \/>\n\t<meta name=\"twitter:label2\" content=\"Dur\u00e9e de lecture estim\u00e9e\" \/>\n\t<meta name=\"twitter:data2\" content=\"4 minutes\" \/>\r\n<script type=\"application\/ld+json\" class=\"yoast-schema-graph\">{\"@context\":\"https:\/\/schema.org\",\"@graph\":[{\"@type\":\"Article\",\"@id\":\"https:\/\/ayrilys.com\/index.php\/ia-quel-est-son-impact-sur-la-consommation-electrique-des-datacenters\/#article\",\"isPartOf\":{\"@id\":\"https:\/\/ayrilys.com\/index.php\/ia-quel-est-son-impact-sur-la-consommation-electrique-des-datacenters\/\"},\"author\":{\"name\":\"admin\",\"@id\":\"https:\/\/ayrilys.com\/#\/schema\/person\/a0005f5083786553a31b7393beac4f94\"},\"headline\":\"IA : Quel est son impact sur la consommation \u00e9lectrique des datacenters ?\",\"datePublished\":\"2024-10-01T09:20:44+00:00\",\"dateModified\":\"2024-10-01T09:22:07+00:00\",\"mainEntityOfPage\":{\"@id\":\"https:\/\/ayrilys.com\/index.php\/ia-quel-est-son-impact-sur-la-consommation-electrique-des-datacenters\/\"},\"wordCount\":881,\"commentCount\":0,\"publisher\":{\"@id\":\"https:\/\/ayrilys.com\/#organization\"},\"image\":{\"@id\":\"https:\/\/ayrilys.com\/index.php\/ia-quel-est-son-impact-sur-la-consommation-electrique-des-datacenters\/#primaryimage\"},\"thumbnailUrl\":\"https:\/\/ayrilys.com\/wp-content\/uploads\/2024\/10\/Alimentation-electrique-istockphoto-1344124162-1024x1024-1.jpg\",\"articleSection\":[\"Accueil\",\"S\u00e9curit\u00e9 informatique\"],\"inLanguage\":\"fr-FR\",\"potentialAction\":[{\"@type\":\"CommentAction\",\"name\":\"Comment\",\"target\":[\"https:\/\/ayrilys.com\/index.php\/ia-quel-est-son-impact-sur-la-consommation-electrique-des-datacenters\/#respond\"]}]},{\"@type\":\"WebPage\",\"@id\":\"https:\/\/ayrilys.com\/index.php\/ia-quel-est-son-impact-sur-la-consommation-electrique-des-datacenters\/\",\"url\":\"https:\/\/ayrilys.com\/index.php\/ia-quel-est-son-impact-sur-la-consommation-electrique-des-datacenters\/\",\"name\":\"Impact de l'IA sur la consommation \u00e9lectrique des datacenters - Prestataire informatique Viroflay en r\u00e9gion parisienne depuis 2003 pour les PME\/PMI\",\"isPartOf\":{\"@id\":\"https:\/\/ayrilys.com\/#website\"},\"primaryImageOfPage\":{\"@id\":\"https:\/\/ayrilys.com\/index.php\/ia-quel-est-son-impact-sur-la-consommation-electrique-des-datacenters\/#primaryimage\"},\"image\":{\"@id\":\"https:\/\/ayrilys.com\/index.php\/ia-quel-est-son-impact-sur-la-consommation-electrique-des-datacenters\/#primaryimage\"},\"thumbnailUrl\":\"https:\/\/ayrilys.com\/wp-content\/uploads\/2024\/10\/Alimentation-electrique-istockphoto-1344124162-1024x1024-1.jpg\",\"datePublished\":\"2024-10-01T09:20:44+00:00\",\"dateModified\":\"2024-10-01T09:22:07+00:00\",\"description\":\"D\u00e9couvrez l'impact de l'IA sur la consommation \u00e9lectrique des datacenters. Un rapport r\u00e9v\u00e8le les d\u00e9penses en \u00e9lectricit\u00e9 et leurs implications pour les fournisseurs et op\u00e9rateurs de centres de donn\u00e9es.\",\"breadcrumb\":{\"@id\":\"https:\/\/ayrilys.com\/index.php\/ia-quel-est-son-impact-sur-la-consommation-electrique-des-datacenters\/#breadcrumb\"},\"inLanguage\":\"fr-FR\",\"potentialAction\":[{\"@type\":\"ReadAction\",\"target\":[\"https:\/\/ayrilys.com\/index.php\/ia-quel-est-son-impact-sur-la-consommation-electrique-des-datacenters\/\"]}]},{\"@type\":\"ImageObject\",\"inLanguage\":\"fr-FR\",\"@id\":\"https:\/\/ayrilys.com\/index.php\/ia-quel-est-son-impact-sur-la-consommation-electrique-des-datacenters\/#primaryimage\",\"url\":\"https:\/\/ayrilys.com\/wp-content\/uploads\/2024\/10\/Alimentation-electrique-istockphoto-1344124162-1024x1024-1.jpg\",\"contentUrl\":\"https:\/\/ayrilys.com\/wp-content\/uploads\/2024\/10\/Alimentation-electrique-istockphoto-1344124162-1024x1024-1.jpg\",\"width\":1024,\"height\":683,\"caption\":\"High voltage pylons with electric power lines transfering electricity from solar photovoltaic sells at sunrise. Production of sustainable energy concept.\"},{\"@type\":\"BreadcrumbList\",\"@id\":\"https:\/\/ayrilys.com\/index.php\/ia-quel-est-son-impact-sur-la-consommation-electrique-des-datacenters\/#breadcrumb\",\"itemListElement\":[{\"@type\":\"ListItem\",\"position\":1,\"name\":\"Accueil\",\"item\":\"https:\/\/ayrilys.com\/\"},{\"@type\":\"ListItem\",\"position\":2,\"name\":\"IA : Quel est son impact sur la consommation \u00e9lectrique des datacenters ?\"}]},{\"@type\":\"WebSite\",\"@id\":\"https:\/\/ayrilys.com\/#website\",\"url\":\"https:\/\/ayrilys.com\/\",\"name\":\"Ayrilys prestataire informatique infog\u00e9rance PME TPE MSP depuis 2003 sur Viroflay\",\"description\":\"Prestataire informatique Viroflay en r\u00e9gion parisienne PME TPE  ile de France depuis plus de 20 ans\",\"publisher\":{\"@id\":\"https:\/\/ayrilys.com\/#organization\"},\"alternateName\":\"Ayriliys infog\u00e9rance fournisseur de services manag\u00e9s MSP PME TPE Viroflay\",\"potentialAction\":[{\"@type\":\"SearchAction\",\"target\":{\"@type\":\"EntryPoint\",\"urlTemplate\":\"https:\/\/ayrilys.com\/?s={search_term_string}\"},\"query-input\":{\"@type\":\"PropertyValueSpecification\",\"valueRequired\":true,\"valueName\":\"search_term_string\"}}],\"inLanguage\":\"fr-FR\"},{\"@type\":\"Organization\",\"@id\":\"https:\/\/ayrilys.com\/#organization\",\"name\":\"Ayrilys\",\"url\":\"https:\/\/ayrilys.com\/\",\"logo\":{\"@type\":\"ImageObject\",\"inLanguage\":\"fr-FR\",\"@id\":\"https:\/\/ayrilys.com\/#\/schema\/logo\/image\/\",\"url\":\"https:\/\/ayrilys.com\/wp-content\/uploads\/2024\/07\/Ayrilys-Logo-V1.png\",\"contentUrl\":\"https:\/\/ayrilys.com\/wp-content\/uploads\/2024\/07\/Ayrilys-Logo-V1.png\",\"width\":119,\"height\":64,\"caption\":\"Ayrilys\"},\"image\":{\"@id\":\"https:\/\/ayrilys.com\/#\/schema\/logo\/image\/\"},\"sameAs\":[\"https:\/\/www.facebook.com\/profile.php?id=61563219240658\",\"https:\/\/x.com\/Ayrilys165097\"],\"description\":\"Prestataire informatique depuis plus de 20 ans pour les PME et TPE\",\"email\":\"ayrilys@ayrilys.com\",\"telephone\":\"+33139242197\",\"legalName\":\"Ayrilys\",\"foundingDate\":\"2003-01-01\",\"vatID\":\"FR90449159011\",\"taxID\":\"44915901100013\",\"numberOfEmployees\":{\"@type\":\"QuantitativeValue\",\"minValue\":\"1\",\"maxValue\":\"10\"}},{\"@type\":\"Person\",\"@id\":\"https:\/\/ayrilys.com\/#\/schema\/person\/a0005f5083786553a31b7393beac4f94\",\"name\":\"admin\",\"image\":{\"@type\":\"ImageObject\",\"inLanguage\":\"fr-FR\",\"@id\":\"https:\/\/ayrilys.com\/#\/schema\/person\/image\/\",\"url\":\"https:\/\/secure.gravatar.com\/avatar\/673394efbb9f6f675f3aa2444209d504?s=96&d=mm&r=g\",\"contentUrl\":\"https:\/\/secure.gravatar.com\/avatar\/673394efbb9f6f675f3aa2444209d504?s=96&d=mm&r=g\",\"caption\":\"admin\"},\"sameAs\":[\"http:\/\/ayrilys.com\"],\"url\":\"https:\/\/ayrilys.com\/index.php\/author\/admin\/\"}]}<\/script>\r\n<!-- \/ Yoast SEO Premium plugin. -->","yoast_head_json":{"title":"Impact de l'IA sur la consommation \u00e9lectrique des datacenters - Prestataire informatique Viroflay en r\u00e9gion parisienne depuis 2003 pour les PME\/PMI","description":"D\u00e9couvrez l'impact de l'IA sur la consommation \u00e9lectrique des datacenters. Un rapport r\u00e9v\u00e8le les d\u00e9penses en \u00e9lectricit\u00e9 et leurs implications pour les fournisseurs et op\u00e9rateurs de centres de donn\u00e9es.","robots":{"index":"index","follow":"follow","max-snippet":"max-snippet:-1","max-image-preview":"max-image-preview:large","max-video-preview":"max-video-preview:-1"},"canonical":"https:\/\/ayrilys.com\/index.php\/ia-quel-est-son-impact-sur-la-consommation-electrique-des-datacenters\/","og_locale":"fr_FR","og_type":"article","og_title":"IA : Quel est son impact sur la consommation \u00e9lectrique des datacenters ?","og_description":"IA : Quel est son impact sur la consommation \u00e9lectrique des datacenters ? Prestataire informatique Viroflay en r\u00e9gion parisienne depuis 2003 pour les PME\/PMI","og_url":"https:\/\/ayrilys.com\/index.php\/ia-quel-est-son-impact-sur-la-consommation-electrique-des-datacenters\/","og_site_name":"Prestataire informatique Viroflay en r\u00e9gion parisienne depuis 2003 pour les PME\/PMI","article_publisher":"https:\/\/www.facebook.com\/profile.php?id=61563219240658","article_published_time":"2024-10-01T09:20:44+00:00","article_modified_time":"2024-10-01T09:22:07+00:00","og_image":[{"width":1024,"height":683,"url":"https:\/\/ayrilys.com\/wp-content\/uploads\/2024\/10\/Alimentation-electrique-istockphoto-1344124162-1024x1024-1.jpg","type":"image\/jpeg"}],"author":"admin","twitter_card":"summary_large_image","twitter_creator":"@Ayrilys165097","twitter_site":"@Ayrilys165097","twitter_misc":{"\u00c9crit par":"admin","Dur\u00e9e de lecture estim\u00e9e":"4 minutes"},"schema":{"@context":"https:\/\/schema.org","@graph":[{"@type":"Article","@id":"https:\/\/ayrilys.com\/index.php\/ia-quel-est-son-impact-sur-la-consommation-electrique-des-datacenters\/#article","isPartOf":{"@id":"https:\/\/ayrilys.com\/index.php\/ia-quel-est-son-impact-sur-la-consommation-electrique-des-datacenters\/"},"author":{"name":"admin","@id":"https:\/\/ayrilys.com\/#\/schema\/person\/a0005f5083786553a31b7393beac4f94"},"headline":"IA : Quel est son impact sur la consommation \u00e9lectrique des datacenters ?","datePublished":"2024-10-01T09:20:44+00:00","dateModified":"2024-10-01T09:22:07+00:00","mainEntityOfPage":{"@id":"https:\/\/ayrilys.com\/index.php\/ia-quel-est-son-impact-sur-la-consommation-electrique-des-datacenters\/"},"wordCount":881,"commentCount":0,"publisher":{"@id":"https:\/\/ayrilys.com\/#organization"},"image":{"@id":"https:\/\/ayrilys.com\/index.php\/ia-quel-est-son-impact-sur-la-consommation-electrique-des-datacenters\/#primaryimage"},"thumbnailUrl":"https:\/\/ayrilys.com\/wp-content\/uploads\/2024\/10\/Alimentation-electrique-istockphoto-1344124162-1024x1024-1.jpg","articleSection":["Accueil","S\u00e9curit\u00e9 informatique"],"inLanguage":"fr-FR","potentialAction":[{"@type":"CommentAction","name":"Comment","target":["https:\/\/ayrilys.com\/index.php\/ia-quel-est-son-impact-sur-la-consommation-electrique-des-datacenters\/#respond"]}]},{"@type":"WebPage","@id":"https:\/\/ayrilys.com\/index.php\/ia-quel-est-son-impact-sur-la-consommation-electrique-des-datacenters\/","url":"https:\/\/ayrilys.com\/index.php\/ia-quel-est-son-impact-sur-la-consommation-electrique-des-datacenters\/","name":"Impact de l'IA sur la consommation \u00e9lectrique des datacenters - Prestataire informatique Viroflay en r\u00e9gion parisienne depuis 2003 pour les PME\/PMI","isPartOf":{"@id":"https:\/\/ayrilys.com\/#website"},"primaryImageOfPage":{"@id":"https:\/\/ayrilys.com\/index.php\/ia-quel-est-son-impact-sur-la-consommation-electrique-des-datacenters\/#primaryimage"},"image":{"@id":"https:\/\/ayrilys.com\/index.php\/ia-quel-est-son-impact-sur-la-consommation-electrique-des-datacenters\/#primaryimage"},"thumbnailUrl":"https:\/\/ayrilys.com\/wp-content\/uploads\/2024\/10\/Alimentation-electrique-istockphoto-1344124162-1024x1024-1.jpg","datePublished":"2024-10-01T09:20:44+00:00","dateModified":"2024-10-01T09:22:07+00:00","description":"D\u00e9couvrez l'impact de l'IA sur la consommation \u00e9lectrique des datacenters. Un rapport r\u00e9v\u00e8le les d\u00e9penses en \u00e9lectricit\u00e9 et leurs implications pour les fournisseurs et op\u00e9rateurs de centres de donn\u00e9es.","breadcrumb":{"@id":"https:\/\/ayrilys.com\/index.php\/ia-quel-est-son-impact-sur-la-consommation-electrique-des-datacenters\/#breadcrumb"},"inLanguage":"fr-FR","potentialAction":[{"@type":"ReadAction","target":["https:\/\/ayrilys.com\/index.php\/ia-quel-est-son-impact-sur-la-consommation-electrique-des-datacenters\/"]}]},{"@type":"ImageObject","inLanguage":"fr-FR","@id":"https:\/\/ayrilys.com\/index.php\/ia-quel-est-son-impact-sur-la-consommation-electrique-des-datacenters\/#primaryimage","url":"https:\/\/ayrilys.com\/wp-content\/uploads\/2024\/10\/Alimentation-electrique-istockphoto-1344124162-1024x1024-1.jpg","contentUrl":"https:\/\/ayrilys.com\/wp-content\/uploads\/2024\/10\/Alimentation-electrique-istockphoto-1344124162-1024x1024-1.jpg","width":1024,"height":683,"caption":"High voltage pylons with electric power lines transfering electricity from solar photovoltaic sells at sunrise. Production of sustainable energy concept."},{"@type":"BreadcrumbList","@id":"https:\/\/ayrilys.com\/index.php\/ia-quel-est-son-impact-sur-la-consommation-electrique-des-datacenters\/#breadcrumb","itemListElement":[{"@type":"ListItem","position":1,"name":"Accueil","item":"https:\/\/ayrilys.com\/"},{"@type":"ListItem","position":2,"name":"IA : Quel est son impact sur la consommation \u00e9lectrique des datacenters ?"}]},{"@type":"WebSite","@id":"https:\/\/ayrilys.com\/#website","url":"https:\/\/ayrilys.com\/","name":"Ayrilys prestataire informatique infog\u00e9rance PME TPE MSP depuis 2003 sur Viroflay","description":"Prestataire informatique Viroflay en r\u00e9gion parisienne PME TPE  ile de France depuis plus de 20 ans","publisher":{"@id":"https:\/\/ayrilys.com\/#organization"},"alternateName":"Ayriliys infog\u00e9rance fournisseur de services manag\u00e9s MSP PME TPE Viroflay","potentialAction":[{"@type":"SearchAction","target":{"@type":"EntryPoint","urlTemplate":"https:\/\/ayrilys.com\/?s={search_term_string}"},"query-input":{"@type":"PropertyValueSpecification","valueRequired":true,"valueName":"search_term_string"}}],"inLanguage":"fr-FR"},{"@type":"Organization","@id":"https:\/\/ayrilys.com\/#organization","name":"Ayrilys","url":"https:\/\/ayrilys.com\/","logo":{"@type":"ImageObject","inLanguage":"fr-FR","@id":"https:\/\/ayrilys.com\/#\/schema\/logo\/image\/","url":"https:\/\/ayrilys.com\/wp-content\/uploads\/2024\/07\/Ayrilys-Logo-V1.png","contentUrl":"https:\/\/ayrilys.com\/wp-content\/uploads\/2024\/07\/Ayrilys-Logo-V1.png","width":119,"height":64,"caption":"Ayrilys"},"image":{"@id":"https:\/\/ayrilys.com\/#\/schema\/logo\/image\/"},"sameAs":["https:\/\/www.facebook.com\/profile.php?id=61563219240658","https:\/\/x.com\/Ayrilys165097"],"description":"Prestataire informatique depuis plus de 20 ans pour les PME et TPE","email":"ayrilys@ayrilys.com","telephone":"+33139242197","legalName":"Ayrilys","foundingDate":"2003-01-01","vatID":"FR90449159011","taxID":"44915901100013","numberOfEmployees":{"@type":"QuantitativeValue","minValue":"1","maxValue":"10"}},{"@type":"Person","@id":"https:\/\/ayrilys.com\/#\/schema\/person\/a0005f5083786553a31b7393beac4f94","name":"admin","image":{"@type":"ImageObject","inLanguage":"fr-FR","@id":"https:\/\/ayrilys.com\/#\/schema\/person\/image\/","url":"https:\/\/secure.gravatar.com\/avatar\/673394efbb9f6f675f3aa2444209d504?s=96&d=mm&r=g","contentUrl":"https:\/\/secure.gravatar.com\/avatar\/673394efbb9f6f675f3aa2444209d504?s=96&d=mm&r=g","caption":"admin"},"sameAs":["http:\/\/ayrilys.com"],"url":"https:\/\/ayrilys.com\/index.php\/author\/admin\/"}]}},"jetpack_publicize_connections":[],"jetpack_featured_media_url":"https:\/\/ayrilys.com\/wp-content\/uploads\/2024\/10\/Alimentation-electrique-istockphoto-1344124162-1024x1024-1.jpg","jetpack_sharing_enabled":true,"jetpack_likes_enabled":true,"jetpack-related-posts":[],"_links":{"self":[{"href":"https:\/\/ayrilys.com\/index.php\/wp-json\/wp\/v2\/posts\/986","targetHints":{"allow":["GET"]}}],"collection":[{"href":"https:\/\/ayrilys.com\/index.php\/wp-json\/wp\/v2\/posts"}],"about":[{"href":"https:\/\/ayrilys.com\/index.php\/wp-json\/wp\/v2\/types\/post"}],"author":[{"embeddable":true,"href":"https:\/\/ayrilys.com\/index.php\/wp-json\/wp\/v2\/users\/1"}],"replies":[{"embeddable":true,"href":"https:\/\/ayrilys.com\/index.php\/wp-json\/wp\/v2\/comments?post=986"}],"version-history":[{"count":1,"href":"https:\/\/ayrilys.com\/index.php\/wp-json\/wp\/v2\/posts\/986\/revisions"}],"predecessor-version":[{"id":988,"href":"https:\/\/ayrilys.com\/index.php\/wp-json\/wp\/v2\/posts\/986\/revisions\/988"}],"wp:featuredmedia":[{"embeddable":true,"href":"https:\/\/ayrilys.com\/index.php\/wp-json\/wp\/v2\/media\/987"}],"wp:attachment":[{"href":"https:\/\/ayrilys.com\/index.php\/wp-json\/wp\/v2\/media?parent=986"}],"wp:term":[{"taxonomy":"category","embeddable":true,"href":"https:\/\/ayrilys.com\/index.php\/wp-json\/wp\/v2\/categories?post=986"},{"taxonomy":"post_tag","embeddable":true,"href":"https:\/\/ayrilys.com\/index.php\/wp-json\/wp\/v2\/tags?post=986"}],"curies":[{"name":"wp","href":"https:\/\/api.w.org\/{rel}","templated":true}]}}